{"id":22619,"date":"2023-06-12T08:55:37","date_gmt":"2023-06-12T11:55:37","guid":{"rendered":"https:\/\/chacosintesis.com.ar\/?p=22619"},"modified":"2023-06-12T09:06:45","modified_gmt":"2023-06-12T12:06:45","slug":"multitudinaria-movilizacion-en-resistencia-por-cecilia-strzyzowski","status":"publish","type":"post","link":"https:\/\/chacosintesis.com.ar\/index.php\/multitudinaria-movilizacion-en-resistencia-por-cecilia-strzyzowski\/","title":{"rendered":"Multitudinaria movilizaci\u00f3n en Resistencia por Cecilia Strzyzowski"},"content":{"rendered":"<p>La marcha fue convocada este domingo a las 16:30 horas y estuvo encabezada por Gloria Romero, madre de la joven que lleva 10 d\u00edas desaparecida.<br \/>\n Este domingo a la tarde se realiz\u00f3 una nueva movilizaci\u00f3n en el marco de la b\u00fasqueda de Cecilia Strzyzowski, quien lleva desaparecida 10 d\u00edas.<br \/>\nLa marcha fue encabezada por la madre de Cecilia, Gloria Romero, y familiares y amigos. Los presentes recorrieron varios puntos de la capital chaque\u00f1a como la Plaza 25 de Mayo y el Poder Judicial.<br \/>\n Tambi\u00e9n se pudo observar a la madre de la joven desaparecida muy conmovida y la mujer pidi\u00f3 que se entone la canci\u00f3n &#8220;Sin miedo&#8221;.<\/p>\n<p>LA PALABRA DE GLORIA, LA MADRE DE CECILIA<br \/>\nEn di\u00e1logo con los medios de comunicaci\u00f3n, Gloria pidi\u00f3 que busquen el cuerpo de su hija: &#8220;Yo ya no tengo esperanzas de encontrarla viva, pero por lo menos quiero el cuerpo de mi hija&#8221;.<br \/>\n&#8220;Ella \u2013por su abogada- no pod\u00eda ni siquiera entrar a leer el expediente y se lo pidi\u00f3 a la ministra de Justicia en la reuni\u00f3n que tuvimos. Le pedimos por favor que le d\u00e9 acceso al expediente porque ni siquiera eso pod\u00eda. El abogado de \u00e9l \u2013por el de C\u00e9sar Sena- se hizo pasar por nuestro abogado, esa caradurez\u2026 ya no s\u00e9 qu\u00e9 van hacer&#8221;, relat\u00f3 indignada la madre de Cecilia.<br \/>\n Al ser consultada sobre los detenidos que fueron retirados de la Comisar\u00eda tercera, la mujer dijo: &#8220;Otra muestra de que siempre van a estar protegidos, pero yo no los pensaba agredir ni nada por el estilo, yo no soy una persona agresiva, es m\u00e1s, yo les dije que sea todo pac\u00edfico, porque no me interesa ni romper nada ni faltar el respeto. Mi hija era amor y paz, no quiero que la recuerden con violencia, asociada a la prepotencia, porque tu derecho termina donde empieza el m\u00edo, yo te puedo reclamar pero no te puedo avasallar con mi reclamo&#8221;.<br \/>\n&#8220;Por eso no me gustan que se corten las calles, que se rompan edificios p\u00fablicos, porque lo pagamos todos. Yo no puedo romper los edificios p\u00fablicos como ellos rompieron la comisar\u00eda. No puedo ir a patotear a la Polic\u00eda porque el pobre tipo est\u00e1 ah\u00ed, porque le dieron la orden y capaz que quiera estar en su casa tomando mate, pero est\u00e1 ah\u00ed y tiene que cumplir&#8221;, se\u00f1al\u00f3.<br \/>\nEn ese marco, pidi\u00f3: &#8220;Lo que quiero es que recuerden a Cecilia, que sea en paz, que tengan consideraci\u00f3n con eso, pero no rompamos nada, caminemos en paz, que sea todo pac\u00edfico&#8221;.<br \/>\n DIARIO CHACO.-<\/p>\n","protected":false},"excerpt":{"rendered":"<p>La marcha fue convocada este domingo a las 16:30 horas y estuvo encabezada por Gloria Romero, madre de la joven que lleva 10 d\u00edas desaparecida. Este domingo a la tarde se realiz\u00f3 una nueva movilizaci\u00f3n en el marco de la b\u00fasqueda de Cecilia Strzyzowski, quien lleva desaparecida 10 d\u00edas. La marcha fue encabezada por la [&hellip;]<\/p>\n","protected":false},"author":1,"featured_media":22620,"comment_status":"closed","ping_status":"closed","sticky":false,"template":"","format":"standard","meta":{"footnotes":""},"categories":[6],"tags":[],"class_list":{"0":"post-22619","1":"post","2":"type-post","3":"status-publish","4":"format-standard","5":"has-post-thumbnail","7":"category-chaco"},"_links":{"self":[{"href":"https:\/\/chacosintesis.com.ar\/index.php\/wp-json\/wp\/v2\/posts\/22619","targetHints":{"allow":["GET"]}}],"collection":[{"href":"https:\/\/chacosintesis.com.ar\/index.php\/wp-json\/wp\/v2\/posts"}],"about":[{"href":"https:\/\/chacosintesis.com.ar\/index.php\/wp-json\/wp\/v2\/types\/post"}],"author":[{"embeddable":true,"href":"https:\/\/chacosintesis.com.ar\/index.php\/wp-json\/wp\/v2\/users\/1"}],"replies":[{"embeddable":true,"href":"https:\/\/chacosintesis.com.ar\/index.php\/wp-json\/wp\/v2\/comments?post=22619"}],"version-history":[{"count":0,"href":"https:\/\/chacosintesis.com.ar\/index.php\/wp-json\/wp\/v2\/posts\/22619\/revisions"}],"wp:featuredmedia":[{"embeddable":true,"href":"https:\/\/chacosintesis.com.ar\/index.php\/wp-json\/wp\/v2\/media\/22620"}],"wp:attachment":[{"href":"https:\/\/chacosintesis.com.ar\/index.php\/wp-json\/wp\/v2\/media?parent=22619"}],"wp:term":[{"taxonomy":"category","embeddable":true,"href":"https:\/\/chacosintesis.com.ar\/index.php\/wp-json\/wp\/v2\/categories?post=22619"},{"taxonomy":"post_tag","embeddable":true,"href":"https:\/\/chacosintesis.com.ar\/index.php\/wp-json\/wp\/v2\/tags?post=22619"}],"curies":[{"name":"wp","href":"https:\/\/api.w.org\/{rel}","templated":true}]}}