{"id":22617,"date":"2023-06-12T08:31:53","date_gmt":"2023-06-12T11:31:53","guid":{"rendered":"https:\/\/chacosintesis.com.ar\/?p=22617"},"modified":"2023-06-12T08:37:11","modified_gmt":"2023-06-12T11:37:11","slug":"nuevo-allanamiento-vinculado-al-caso-cecilia-strzyzowski","status":"publish","type":"post","link":"https:\/\/chacosintesis.com.ar\/index.php\/nuevo-allanamiento-vinculado-al-caso-cecilia-strzyzowski\/","title":{"rendered":"Nuevo allanamiento vinculado al caso Cecilia Strzyzowski"},"content":{"rendered":"<p>Los procedimientos se realizan por disposici\u00f3n de la Justicia, con la Polic\u00eda como auxiliar. Se solicita a la sociedad informarse a trav\u00e9s de los canales oficiales del Estado.<\/p>\n<p>El Gobierno provincial actualiz\u00f3 informaci\u00f3n acerca de los avances en la b\u00fasqueda de Cecilia Strzyzowski, quien permanece desaparecida desde hace 10 d\u00edas. Desde las 7:45 de este domingo y, durante todo el d\u00eda, continuaron los rastrillajes y allanamientos en la zona ubicada en inmediaciones de la ruta 16 y ruta 11, entre Resistencia y Puerto Tirol, \u00e1rea del Gran Resistencia.<br \/>\nPor la tarde, por orden de la Fiscal\u00eda Especial de G\u00e9nero a cargo de Jorge C\u00e1ceres Olivera, la Polic\u00eda del Chaco realiz\u00f3 un allanamiento en un domicilio de la ciudad de Resistencia, donde residen dos personas vinculadas a los ciudadanos que ya se encuentran detenidos en el marco de la causa.<br \/>\nDurante este domingo, la fiscal\u00eda orden\u00f3 la detenci\u00f3n de otras cuatro personas mayores de edad por supuestas vinculaciones a la desaparici\u00f3n y posible femicidio de Cecilia Strzyzowski.<\/p>\n<p>Importante operativo<br \/>\nPara el operativo contin\u00faan afectados 100 efectivos policiales de distintas divisiones, y se utilizan perros de la Divisi\u00f3n Canes especializados en b\u00fasqueda de personas y de restos humanos, una retroexcavadora y drones para sobrevolar y analizar la zona.<br \/>\nVale recordar que el s\u00e1bado 10 de junio al mediod\u00eda fue detenido C\u00e9sar Sena, esposo de Cecilia, mientras que el viernes 9 de junio, fueron detenidas dos mujeres y un hombre, tambi\u00e9n vinculados a la desaparici\u00f3n.<br \/>\nDesde el momento en que la madre de la joven realiz\u00f3 la denuncia por la desaparici\u00f3n de su hija, el Gobierno provincial puso en marcha los protocolos del Sistema Provincial de B\u00fasqueda de Personas alertando tanto a fuerzas provinciales como federales, y a otras provincias sobre el caso.<br \/>\nAdem\u00e1s, la Secretar\u00eda realiz\u00f3 presentaciones ante la Fiscal\u00eda para que se investigue como femicidio y el \u00e1rea se constituya como querellantes, a\u00fan la fiscal\u00eda interviniente no confirm\u00f3 la querella presentada. Paralelamente, se pusieron a disposici\u00f3n los equipos interdisciplinarios ante cualquier necesidad de acompa\u00f1amiento que tenga la familia de Cecilia.<br \/>\nSe solicita a la sociedad informarse a trav\u00e9s de canales oficiales y no difundir informaci\u00f3n falsa o no chequeada.<br \/>\nAnte cualquier situaci\u00f3n de violencia, dar alerta a los n\u00fameros de emergencia como el Servicio 911, la L\u00ednea 137 y la Guardia de G\u00e9nero 362 474-6518, tambi\u00e9n quien posea informaci\u00f3n sobre Cecilia, pueden acercarse a la comisar\u00eda m\u00e1s cercana o a las oficinas judiciales.<\/p>\n","protected":false},"excerpt":{"rendered":"<p>Los procedimientos se realizan por disposici\u00f3n de la Justicia, con la Polic\u00eda como auxiliar. Se solicita a la sociedad informarse a trav\u00e9s de los canales oficiales del Estado. El Gobierno provincial actualiz\u00f3 informaci\u00f3n acerca de los avances en la b\u00fasqueda de Cecilia Strzyzowski, quien permanece desaparecida desde hace 10 d\u00edas. Desde las 7:45 de este [&hellip;]<\/p>\n","protected":false},"author":1,"featured_media":22618,"comment_status":"closed","ping_status":"closed","sticky":false,"template":"","format":"standard","meta":{"footnotes":""},"categories":[6],"tags":[],"class_list":{"0":"post-22617","1":"post","2":"type-post","3":"status-publish","4":"format-standard","5":"has-post-thumbnail","7":"category-chaco"},"_links":{"self":[{"href":"https:\/\/chacosintesis.com.ar\/index.php\/wp-json\/wp\/v2\/posts\/22617","targetHints":{"allow":["GET"]}}],"collection":[{"href":"https:\/\/chacosintesis.com.ar\/index.php\/wp-json\/wp\/v2\/posts"}],"about":[{"href":"https:\/\/chacosintesis.com.ar\/index.php\/wp-json\/wp\/v2\/types\/post"}],"author":[{"embeddable":true,"href":"https:\/\/chacosintesis.com.ar\/index.php\/wp-json\/wp\/v2\/users\/1"}],"replies":[{"embeddable":true,"href":"https:\/\/chacosintesis.com.ar\/index.php\/wp-json\/wp\/v2\/comments?post=22617"}],"version-history":[{"count":0,"href":"https:\/\/chacosintesis.com.ar\/index.php\/wp-json\/wp\/v2\/posts\/22617\/revisions"}],"wp:featuredmedia":[{"embeddable":true,"href":"https:\/\/chacosintesis.com.ar\/index.php\/wp-json\/wp\/v2\/media\/22618"}],"wp:attachment":[{"href":"https:\/\/chacosintesis.com.ar\/index.php\/wp-json\/wp\/v2\/media?parent=22617"}],"wp:term":[{"taxonomy":"category","embeddable":true,"href":"https:\/\/chacosintesis.com.ar\/index.php\/wp-json\/wp\/v2\/categories?post=22617"},{"taxonomy":"post_tag","embeddable":true,"href":"https:\/\/chacosintesis.com.ar\/index.php\/wp-json\/wp\/v2\/tags?post=22617"}],"curies":[{"name":"wp","href":"https:\/\/api.w.org\/{rel}","templated":true}]}}