{"id":22613,"date":"2023-06-11T14:40:06","date_gmt":"2023-06-11T17:40:06","guid":{"rendered":"https:\/\/chacosintesis.com.ar\/?p=22613"},"modified":"2023-06-11T15:07:01","modified_gmt":"2023-06-11T18:07:01","slug":"caso-cecilia-mientras-presencia-el-rastrillaje-el-fiscal-ordeno-una-nueva-detencion","status":"publish","type":"post","link":"https:\/\/chacosintesis.com.ar\/index.php\/caso-cecilia-mientras-presencia-el-rastrillaje-el-fiscal-ordeno-una-nueva-detencion\/","title":{"rendered":"Caso Cecilia: mientras presencia el rastrillaje, el fiscal orden\u00f3 una nueva detenci\u00f3n"},"content":{"rendered":"<p>Se trata de Gustavo Obreg\u00f3n, esposo de Fabiana Gonz\u00e1lez, colaboradora de Emerenciano Sena y MarcelaAcu\u00f1a que ya fue detenida el viernes junto a los dirigentes sociales por la desaparici\u00f3n de Cecilia Strzyzowski.<br \/>\n En una continuidad al inicio del despliegue en la zona de campo Rossi del d\u00eda s\u00e1bado, el fiscal especial en violencia de g\u00e9nero, Jorge C\u00e1ceres Olivera, se mantiene al frente de los rastrillajes que se retomaron esta ma\u00f1ana de domingo.<\/p>\n<p>En las horas que van, uno de los puntos centrales de la tarea estar\u00eda centrada en el aporte dado por Fabi\u00e1n Melgarejo, casero del campo de los Sena que fue detenido ayer al constatarse que sobre \u00e9l pesaba una orden de captura por una causa de violencia de g\u00e9nero distinta a la que se investiga ahora. Sin embargo, hoy fue llevado al lugar para &#8220;se\u00f1alar&#8221; posibles sitios de inter\u00e9s para el despliegue de canes rastreadores. As\u00ed se hallaron restos \u00f3seos quemados que, a simple vista, no ser\u00edan humanos aunque fueron levantados para su an\u00e1lisis forense.<\/p>\n<p>Mientras tanto, C\u00e1ceres Olivera dispuso una nueva orden de detenci\u00f3n. En este caso se trata de Gustavo Obreg\u00f3n, esposo de Fabiana Gonz\u00e1lez, colaboradora de Emerenciano Sena y Marcela Acu\u00f1a que ya fue detenida el viernes junto a los nombrados.<\/p>\n<p>DIARIO NORTE.-<\/p>\n","protected":false},"excerpt":{"rendered":"<p>Se trata de Gustavo Obreg\u00f3n, esposo de Fabiana Gonz\u00e1lez, colaboradora de Emerenciano Sena y MarcelaAcu\u00f1a que ya fue detenida el viernes junto a los dirigentes sociales por la desaparici\u00f3n de Cecilia Strzyzowski. En una continuidad al inicio del despliegue en la zona de campo Rossi del d\u00eda s\u00e1bado, el fiscal especial en violencia de g\u00e9nero, [&hellip;]<\/p>\n","protected":false},"author":1,"featured_media":22614,"comment_status":"closed","ping_status":"closed","sticky":false,"template":"","format":"standard","meta":{"footnotes":""},"categories":[6],"tags":[197],"class_list":{"0":"post-22613","1":"post","2":"type-post","3":"status-publish","4":"format-standard","5":"has-post-thumbnail","7":"category-chaco","8":"tag-destacada"},"_links":{"self":[{"href":"https:\/\/chacosintesis.com.ar\/index.php\/wp-json\/wp\/v2\/posts\/22613","targetHints":{"allow":["GET"]}}],"collection":[{"href":"https:\/\/chacosintesis.com.ar\/index.php\/wp-json\/wp\/v2\/posts"}],"about":[{"href":"https:\/\/chacosintesis.com.ar\/index.php\/wp-json\/wp\/v2\/types\/post"}],"author":[{"embeddable":true,"href":"https:\/\/chacosintesis.com.ar\/index.php\/wp-json\/wp\/v2\/users\/1"}],"replies":[{"embeddable":true,"href":"https:\/\/chacosintesis.com.ar\/index.php\/wp-json\/wp\/v2\/comments?post=22613"}],"version-history":[{"count":0,"href":"https:\/\/chacosintesis.com.ar\/index.php\/wp-json\/wp\/v2\/posts\/22613\/revisions"}],"wp:featuredmedia":[{"embeddable":true,"href":"https:\/\/chacosintesis.com.ar\/index.php\/wp-json\/wp\/v2\/media\/22614"}],"wp:attachment":[{"href":"https:\/\/chacosintesis.com.ar\/index.php\/wp-json\/wp\/v2\/media?parent=22613"}],"wp:term":[{"taxonomy":"category","embeddable":true,"href":"https:\/\/chacosintesis.com.ar\/index.php\/wp-json\/wp\/v2\/categories?post=22613"},{"taxonomy":"post_tag","embeddable":true,"href":"https:\/\/chacosintesis.com.ar\/index.php\/wp-json\/wp\/v2\/tags?post=22613"}],"curies":[{"name":"wp","href":"https:\/\/api.w.org\/{rel}","templated":true}]}}