{"id":22602,"date":"2023-06-10T13:11:04","date_gmt":"2023-06-10T16:11:04","guid":{"rendered":"https:\/\/chacosintesis.com.ar\/?p=22602"},"modified":"2023-06-10T13:37:08","modified_gmt":"2023-06-10T16:37:08","slug":"se-viene-el-frio-con-pronostico-de-heladas-y-lloviznas","status":"publish","type":"post","link":"https:\/\/chacosintesis.com.ar\/index.php\/se-viene-el-frio-con-pronostico-de-heladas-y-lloviznas\/","title":{"rendered":"Se viene el frio con pron\u00f3stico de heladas y lloviznas"},"content":{"rendered":"<p>Los distintos servicios meteorol\u00f3gicos advierten por la irrupci\u00f3n de un frente fr\u00edo en esta parte del pa\u00eds que generar\u00e1 un marcado descenso de las temperaturas.<\/p>\n<p>La irrupci\u00f3n de un frente fr\u00edo de origen polar har\u00e1 descender marcadamente las temperaturas desde la tarde de este s\u00e1bado 10 o madrugada del domingo 11 de junio, asegura el Grupo TRC \u2013 Meteorolog\u00eda a trav\u00e9s de sus redes sociales.<br \/>\nTras el pasaje del sistema frontal \u201ces probable la ocurrencia de tormentas y luego lloviznas\u201d; mientras que no se descartan \u201cr\u00e1fagas de vientos del sudoeste\u201d. Las temperaturas m\u00ednimas entre el lunes y el martes podr\u00edan alcanzar los valores entre 3 y 4 grados cent\u00edgrados y las m\u00e1ximas entre 10 y 15\u00baC, \u201cpudiendo registrarse heladas d\u00e9biles o moderadas\u201d. Las temperaturas se ir\u00e1n recuperando paulatinamente hacia el domingo 18.<br \/>\n En tanto, el Servicio Meteorol\u00f3gico Nacional (SMN) pronostica para la capital chaque\u00f1a tormentas aisladas para a jornada de hoy y desde el domingo 11 descenso de la temperatura y una m\u00ednima 11\u00baC y una m\u00e1xima de 15\u00baC. En tanto, entre el lunes y el viernes la m\u00ednima se situar\u00e1 entre los 6 y 7\u00baC y m\u00e1ximas de hasta 22\u00baC.<br \/>\nPron\u00f3stico de la APA<br \/>\nFinalmente, la Administraci\u00f3n Provincial del Agua (APA) pronostica desde la tarde del s\u00e1bado 10 probabilidad de lluvias y algunas tormentas.<br \/>\nLuego, lo siguiente:<br \/>\nDomingo 11: Nublado con probabilidad de lluvias y algunas tormentas, mejorando durante la ma\u00f1ana. Viento del Sur, marcado descenso de temperaturas, marcas previstas entre los 10\u00baC y 16\u00baC.<br \/>\nLunes 12: Cielo mayormente despejado. Viento leve del Sur. Temperaturas previstas entre los 6\u00baC y 17\u00baC.<br \/>\nMartes 13: Cielo despejado. Viento variable. Temperaturas previstas entre los 3\u00baC y 19\u00baC.<\/p>\n","protected":false},"excerpt":{"rendered":"<p>Los distintos servicios meteorol\u00f3gicos advierten por la irrupci\u00f3n de un frente fr\u00edo en esta parte del pa\u00eds que generar\u00e1 un marcado descenso de las temperaturas. La irrupci\u00f3n de un frente fr\u00edo de origen polar har\u00e1 descender marcadamente las temperaturas desde la tarde de este s\u00e1bado 10 o madrugada del domingo 11 de junio, asegura el [&hellip;]<\/p>\n","protected":false},"author":1,"featured_media":22603,"comment_status":"closed","ping_status":"closed","sticky":false,"template":"","format":"standard","meta":{"footnotes":""},"categories":[6],"tags":[],"class_list":{"0":"post-22602","1":"post","2":"type-post","3":"status-publish","4":"format-standard","5":"has-post-thumbnail","7":"category-chaco"},"_links":{"self":[{"href":"https:\/\/chacosintesis.com.ar\/index.php\/wp-json\/wp\/v2\/posts\/22602","targetHints":{"allow":["GET"]}}],"collection":[{"href":"https:\/\/chacosintesis.com.ar\/index.php\/wp-json\/wp\/v2\/posts"}],"about":[{"href":"https:\/\/chacosintesis.com.ar\/index.php\/wp-json\/wp\/v2\/types\/post"}],"author":[{"embeddable":true,"href":"https:\/\/chacosintesis.com.ar\/index.php\/wp-json\/wp\/v2\/users\/1"}],"replies":[{"embeddable":true,"href":"https:\/\/chacosintesis.com.ar\/index.php\/wp-json\/wp\/v2\/comments?post=22602"}],"version-history":[{"count":0,"href":"https:\/\/chacosintesis.com.ar\/index.php\/wp-json\/wp\/v2\/posts\/22602\/revisions"}],"wp:featuredmedia":[{"embeddable":true,"href":"https:\/\/chacosintesis.com.ar\/index.php\/wp-json\/wp\/v2\/media\/22603"}],"wp:attachment":[{"href":"https:\/\/chacosintesis.com.ar\/index.php\/wp-json\/wp\/v2\/media?parent=22602"}],"wp:term":[{"taxonomy":"category","embeddable":true,"href":"https:\/\/chacosintesis.com.ar\/index.php\/wp-json\/wp\/v2\/categories?post=22602"},{"taxonomy":"post_tag","embeddable":true,"href":"https:\/\/chacosintesis.com.ar\/index.php\/wp-json\/wp\/v2\/tags?post=22602"}],"curies":[{"name":"wp","href":"https:\/\/api.w.org\/{rel}","templated":true}]}}