{"id":22584,"date":"2023-06-08T13:38:00","date_gmt":"2023-06-08T16:38:00","guid":{"rendered":"https:\/\/chacosintesis.com.ar\/?p=22584"},"modified":"2023-06-08T22:17:39","modified_gmt":"2023-06-09T01:17:39","slug":"cuesta-destaco-el-trabajo-desde-el-territorio-en-los-diferentes-sectores-de-la-lista-665-f-de-fierro","status":"publish","type":"post","link":"https:\/\/chacosintesis.com.ar\/index.php\/cuesta-destaco-el-trabajo-desde-el-territorio-en-los-diferentes-sectores-de-la-lista-665-f-de-fierro\/","title":{"rendered":"Cuesta destac\u00f3 el trabajo desde el territorio en los diferentes sectores de la lista 665 F De Fierro"},"content":{"rendered":"\n<p>Con la idea de seguir sumando todas las voces para trabajar en el Municipio de Resistencia, la candidata a intendenta por el Frente CER (Corriente de Expresi\u00f3n Renovada), Eli Cuesta, acompa\u00f1\u00f3 la presentaci\u00f3n de las y los precandidatos a concejales de la lista 665 F De Fierro y de sus propuestas a impulsar en el Concejo capitalino. La lista presenta actores sociales que se desempe\u00f1an en merenderos comunitarios, en la docencia, en la salud, en el sector rural y del emprendedurismo que desean aportar sus ideas para construir una ciudad con verdadera inclusi\u00f3n y participaci\u00f3n activa de todos los sectores. \u201cMe van a ayudar a llevar adelante las pol\u00edticas p\u00fablicas que queremos establecer\u201d, remarc\u00f3 Cuesta.<br>Reunidos en el Domo del Centenario, la tambi\u00e9n presidenta de la Legislatura destac\u00f3 que cuenta con el acompa\u00f1amiento de vecinas y vecinos que desde hace muchos a\u00f1os vienen trabajando con mucho esfuerzo para ayudar en cada barrio de Resistencia. \u201cVamos a construir juntos este sue\u00f1o colectivo. Este es un sector que viene trabajando hace mucho tiempo en el territorio con Pato Alarc\u00f3n y se vinieron a referenciar con nosotros, a hacer su aporte\u201d, se\u00f1al\u00f3.<br>Adem\u00e1s, Cuesta afirm\u00f3 que \u201cac\u00e1 est\u00e1n todos los sectores de nuestra sociedad y no tengo dudas de que me van a acompa\u00f1ar en el territorio y a ayudar a llevar adelante las pol\u00edticas p\u00fablicas que nosotros queremos establecer a partir de una descentralizaci\u00f3n total de toda las \u00e1reas del municipio\u201d.<br>Por su parte, Alejandro Alarc\u00f3n, precandidato a presidente del Concejo, manifest\u00f3 que desde hace tiempo llevan adelante un espacio pol\u00edtico liderado por una mujer, y destac\u00f3 el \u201cestar hoy dentro de una f\u00f3rmula, donde acompa\u00f1o a una mujer con tanta preponderancia dentro de la dirigencia pol\u00edtica, que a lo largo de los a\u00f1os fue forjando su liderazgo dentro de un ambiente bastante machista. Es un orgullo ser parte de este proyecto de gesti\u00f3n\u201d.<\/p>\n","protected":false},"excerpt":{"rendered":"<p>Con la idea de seguir sumando todas las voces para trabajar en el Municipio de Resistencia, la candidata a intendenta por el Frente CER (Corriente de Expresi\u00f3n Renovada), Eli Cuesta, acompa\u00f1\u00f3 la presentaci\u00f3n de las y los precandidatos a concejales de la lista 665 F De Fierro y de sus propuestas a impulsar en el [&hellip;]<\/p>\n","protected":false},"author":1,"featured_media":22585,"comment_status":"closed","ping_status":"closed","sticky":false,"template":"","format":"standard","meta":{"footnotes":""},"categories":[6],"tags":[202],"class_list":{"0":"post-22584","1":"post","2":"type-post","3":"status-publish","4":"format-standard","5":"has-post-thumbnail","7":"category-chaco","8":"tag-legislatura"},"_links":{"self":[{"href":"https:\/\/chacosintesis.com.ar\/index.php\/wp-json\/wp\/v2\/posts\/22584","targetHints":{"allow":["GET"]}}],"collection":[{"href":"https:\/\/chacosintesis.com.ar\/index.php\/wp-json\/wp\/v2\/posts"}],"about":[{"href":"https:\/\/chacosintesis.com.ar\/index.php\/wp-json\/wp\/v2\/types\/post"}],"author":[{"embeddable":true,"href":"https:\/\/chacosintesis.com.ar\/index.php\/wp-json\/wp\/v2\/users\/1"}],"replies":[{"embeddable":true,"href":"https:\/\/chacosintesis.com.ar\/index.php\/wp-json\/wp\/v2\/comments?post=22584"}],"version-history":[{"count":0,"href":"https:\/\/chacosintesis.com.ar\/index.php\/wp-json\/wp\/v2\/posts\/22584\/revisions"}],"wp:featuredmedia":[{"embeddable":true,"href":"https:\/\/chacosintesis.com.ar\/index.php\/wp-json\/wp\/v2\/media\/22585"}],"wp:attachment":[{"href":"https:\/\/chacosintesis.com.ar\/index.php\/wp-json\/wp\/v2\/media?parent=22584"}],"wp:term":[{"taxonomy":"category","embeddable":true,"href":"https:\/\/chacosintesis.com.ar\/index.php\/wp-json\/wp\/v2\/categories?post=22584"},{"taxonomy":"post_tag","embeddable":true,"href":"https:\/\/chacosintesis.com.ar\/index.php\/wp-json\/wp\/v2\/tags?post=22584"}],"curies":[{"name":"wp","href":"https:\/\/api.w.org\/{rel}","templated":true}]}}