{"id":22581,"date":"2023-06-07T14:12:00","date_gmt":"2023-06-07T17:12:00","guid":{"rendered":"https:\/\/chacosintesis.com.ar\/?p=22581"},"modified":"2023-06-08T22:15:38","modified_gmt":"2023-06-09T01:15:38","slug":"eli-cuesta-convoco-a-todos-los-sectores-a-trabajar-en-conjunto-para-construir-una-ciudad-mejor","status":"publish","type":"post","link":"https:\/\/chacosintesis.com.ar\/index.php\/eli-cuesta-convoco-a-todos-los-sectores-a-trabajar-en-conjunto-para-construir-una-ciudad-mejor\/","title":{"rendered":"Eli Cuesta convoc\u00f3 a todos los sectores a trabajar en conjunto para construir una ciudad mejor"},"content":{"rendered":"\n<p>Con la idea de trabajar desde la cercan\u00eda, con el compromiso de escuchar los problemas de las y los vecinos de Resistencia y construir juntos una ciudad mejor, la candidata a intendenta de la lista 665 del Frente CER (Corriente de Expresi\u00f3n Renovada), Eli Cuesta, present\u00f3 sus propuestas a desarrollar en el Ejecutivo de la capital chaque\u00f1a, las cuales proponen m\u00e1s cercan\u00eda, desarrollo integral de la capital, m\u00e1s seguridad, mayor conectividad urbana, mejoras en el tr\u00e1nsito y una ciudad m\u00e1s accesible, equitativa y sostenible. Tambi\u00e9n remarc\u00f3 que \u201cnuestras oficinas van a estar en cada barrio, en los centros de salud, en los centros comunitarios, en plazas y espacios p\u00fablicos para recuperar ese contacto que nunca debimos perder con el pueblo\u201d.<br>La candidata se presenta en las PASO 2023 desde un espacio pol\u00edtico como el CER, en el cual convergen diferentes partidos pol\u00edticos que coinciden en una misma premisa: buscar el bienestar de las y los resistencianos. \u201cConvocamos a todas y todos los que quieran una sociedad mejor, sin importar su ideolog\u00eda, partido pol\u00edtico, clase social o creencia religiosa. Es por eso que me acompa\u00f1an quince listas de precandidatas y precandidatos a concejales de distintos sectores, trabajadores p\u00fablicos y privados, emprendedores, empresarios, j\u00f3venes, profesionales, comunidades originarias y h\u00e9roes de Malvinas, para que cada sector ponga su impronta en la gesti\u00f3n y hagamos un municipio en el cual todas y todos se sientan parte\u201d, se\u00f1al\u00f3.<\/p>\n\n\n\n<p>M\u00e1s cercan\u00eda<br>Para la tambi\u00e9n presidenta del Poder Legislativo es muy importante trabajar desde la cercan\u00eda, con un Municipio que recupere el contacto con las y los vecinos, que est\u00e9 presente en cada barrio y en cada punto de la ciudad. \u201cQueremos la descentralizaci\u00f3n: los Centros Comunitarios Municipales (CCM) y las delegaciones son fundamentales, por eso los vamos a dotar de equipamiento y recursos humanos capacitados para que brinden mejores servicios, continuando con la digitalizaci\u00f3n y la agilizaci\u00f3n de tr\u00e1mites\u201d, se\u00f1al\u00f3 la candidata del CER.<\/p>\n\n\n\n<p>Desarrollo integral de la ciudad<br>Eli manifiesta que la gesti\u00f3n municipal es un todo y, m\u00e1s all\u00e1 de los servicios, cree que se debe apostar al desarrollo humano, social, econ\u00f3mico y espiritual. \u201cVamos a continuar con el apoyo al emprendedurismo. Apostamos a potenciar el desarrollo cultural y art\u00edstico local. Vamos a promover campa\u00f1as de concienciaci\u00f3n en g\u00e9nero, en diversidad sexual, religiosa y cultural para erradicar juntos la violencia y continuar con los programas Mi Carita Feliz (salud infantil), Es Hoy (\u00fatiles escolares, recepciones y viajes de egresados de escuelas primarias y secundarias), Copa Futuro (deporte infantil).<\/p>\n\n\n\n<p>Seguridad<br>Cuesta tambi\u00e9n hizo hincapi\u00e9 en el abordaje de la inseguridad de la ciudad. \u201cNo somos ajenos a una problem\u00e1tica creciente en el pa\u00eds, en la provincia y por supuesto en la ciudad, por eso creemos necesario un trabajo articulado con las fuerzas de seguridad provincial para tener una mayor presencia de efectivos y m\u00f3viles en cada barrio de la ciudad\u201d, remarc\u00f3.<\/p>\n\n\n\n<p>Tr\u00e1nsito: \u201cReforzamos nuestra postura de no a los piquetes\u201d<br>\u201cQueremos mejorar el tr\u00e1nsito en la ciudad con un nuevo sistema de semaforizaci\u00f3n moderno y sincronizado para veh\u00edculos, incorporando al peat\u00f3n puntos de mayor circulaci\u00f3n en avenidas y corredores\u201d, destac\u00f3 Cuesta, como as\u00ed tambi\u00e9n reiter\u00f3 que \u201creforzamos nuestra postura de decir no a los piquetes y vamos a continuar tambi\u00e9n con el C\u00f3digo de Tr\u00e1nsito y la sustituci\u00f3n de la tracci\u00f3n a sangre. Asimismo, queremos una nueva alternativa de movilidad urbana con el Plan de Ciclov\u00edas\u201d.<\/p>\n\n\n\n<p>Ciudad m\u00e1s accesible, equitativa y sostenible<br>La candidata a intendenta tambi\u00e9n propone que va a trabajar con la visi\u00f3n de una ciudad accesible,<\/p>\n\n\n\n<p>equitativa y sostenible con m\u00e1s espacios p\u00fablicos de calidad, mejorando los parques urbanos Caraguat\u00e1, Soberan\u00eda y Aut\u00f3dromo; plazas y plazoletas barriales; y la ejecuci\u00f3n de desag\u00fces pluviales estructurales.<br>Por otra parte, \u201cvamos a continuar con el sistema de recolecci\u00f3n diferenciada, programas de incentivaci\u00f3n (ECO Recicla) y el cuerpo de inspecci\u00f3n ambiental, adem\u00e1s del programa de control de poblaci\u00f3n de animales dom\u00e9sticos Mi Mascota\u201d.<br>Finalmente, Cuesta expres\u00f3 que como mam\u00e1 y abuela quiere cuidar su casa que es Resistencia, \u201chace muchos a\u00f1os tom\u00e9 esta ciudad como propia porque aqu\u00ed decid\u00ed asentarme y formar mi familia. Como muchos de ustedes, este es el lugar que amo y quiero que construyamos juntos una ciudad mejor para todos\u201d.<\/p>\n","protected":false},"excerpt":{"rendered":"<p>Con la idea de trabajar desde la cercan\u00eda, con el compromiso de escuchar los problemas de las y los vecinos de Resistencia y construir juntos una ciudad mejor, la candidata a intendenta de la lista 665 del Frente CER (Corriente de Expresi\u00f3n Renovada), Eli Cuesta, present\u00f3 sus propuestas a desarrollar en el Ejecutivo de la [&hellip;]<\/p>\n","protected":false},"author":1,"featured_media":22582,"comment_status":"closed","ping_status":"closed","sticky":false,"template":"","format":"standard","meta":{"footnotes":""},"categories":[6],"tags":[202],"class_list":{"0":"post-22581","1":"post","2":"type-post","3":"status-publish","4":"format-standard","5":"has-post-thumbnail","7":"category-chaco","8":"tag-legislatura"},"_links":{"self":[{"href":"https:\/\/chacosintesis.com.ar\/index.php\/wp-json\/wp\/v2\/posts\/22581","targetHints":{"allow":["GET"]}}],"collection":[{"href":"https:\/\/chacosintesis.com.ar\/index.php\/wp-json\/wp\/v2\/posts"}],"about":[{"href":"https:\/\/chacosintesis.com.ar\/index.php\/wp-json\/wp\/v2\/types\/post"}],"author":[{"embeddable":true,"href":"https:\/\/chacosintesis.com.ar\/index.php\/wp-json\/wp\/v2\/users\/1"}],"replies":[{"embeddable":true,"href":"https:\/\/chacosintesis.com.ar\/index.php\/wp-json\/wp\/v2\/comments?post=22581"}],"version-history":[{"count":0,"href":"https:\/\/chacosintesis.com.ar\/index.php\/wp-json\/wp\/v2\/posts\/22581\/revisions"}],"wp:featuredmedia":[{"embeddable":true,"href":"https:\/\/chacosintesis.com.ar\/index.php\/wp-json\/wp\/v2\/media\/22582"}],"wp:attachment":[{"href":"https:\/\/chacosintesis.com.ar\/index.php\/wp-json\/wp\/v2\/media?parent=22581"}],"wp:term":[{"taxonomy":"category","embeddable":true,"href":"https:\/\/chacosintesis.com.ar\/index.php\/wp-json\/wp\/v2\/categories?post=22581"},{"taxonomy":"post_tag","embeddable":true,"href":"https:\/\/chacosintesis.com.ar\/index.php\/wp-json\/wp\/v2\/tags?post=22581"}],"curies":[{"name":"wp","href":"https:\/\/api.w.org\/{rel}","templated":true}]}}