{"id":22569,"date":"2023-06-08T16:23:01","date_gmt":"2023-06-08T19:23:01","guid":{"rendered":"https:\/\/chacosintesis.com.ar\/?p=22569"},"modified":"2023-06-08T16:36:54","modified_gmt":"2023-06-08T19:36:54","slug":"perez-pons-destaco-las-inversiones-en-infraestructura-para-charata","status":"publish","type":"post","link":"https:\/\/chacosintesis.com.ar\/index.php\/perez-pons-destaco-las-inversiones-en-infraestructura-para-charata\/","title":{"rendered":"P\u00e9rez Pons destac\u00f3 las inversiones en infraestructura para Charata"},"content":{"rendered":"<p>El gobierno provincial avanza con la pavimentaci\u00f3n de 27 cuadras y la construcci\u00f3n del nuevo edificio del Espacios Convivenciales Alternativos (ECA), \u201cNi\u00f1o Jes\u00fas\u201d. Adem\u00e1s, inici\u00f3 la ejecuci\u00f3n del Centro de Desarrollo Infantil (CDI) y refacciones en establecimientos educativos.<br \/>\nEl ministro de Planificaci\u00f3n, Econom\u00eda e Infraestructura Santiago P\u00e9rez Pons destac\u00f3 las inversiones estrat\u00e9gicas que se ejecutan en Charata. Entre ellas, la pavimentaci\u00f3n de 27 nuevas cuadras de pavimento, las construcciones del nuevo edificio del Espacios Convivenciales Alternativos (ECA), \u201cNi\u00f1o Jes\u00fas\u201d y del Centro de Desarrollo Infantil (CDI). Adem\u00e1s de las refacciones de edificios escolares que se encuentran en su etapa final, pr\u00f3ximas a inaugurarse.<br \/>\nEl funcionario remarc\u00f3 la importancia de la obra p\u00fablica como motor de desarrollo econ\u00f3mico y productivo en cada localidad del Chaco.  &#8220;En virtud del desarrollo de la obra p\u00fablica, estamos llevando adelante un trabajo serio y planificado, con una inversi\u00f3n hist\u00f3rica en materia de salud, educaci\u00f3n, seguridad y producci\u00f3n en los 69 municipios del Chaco\u201d, se\u00f1al\u00f3. \u201cLas inversiones se realizan porque tenemos una provincia ordenada con super\u00e1vit fiscal desde hace dos a\u00f1os y medio tenemos, lo que significa que los ingresos son mayores que los gastos y esto se materializa en mejor calidad de vida en la gente&#8221;, destac\u00f3 el jefe de la cartera econ\u00f3mica. Del plan de pavimentaci\u00f3n de 27 cuadras que avanzan en el Barrio San Juan ya se ejecutaron 12. Adem\u00e1s, se prev\u00e9n iniciar otras 23 cuadras en el Barrio Norte, con una inversi\u00f3n cercana a los 600 millones de pesos. La intendenta Alejandra Campos agradeci\u00f3 al gobierno por el compromiso de seguir desarrollando infraestructura de alto impacto para el Sudoeste. \u201cEstas obras transforman la mirada de toda una ciudad que se encuentra en constante crecimiento, la ciudadan\u00eda nos expresa la alegr\u00eda de contar con estas mejoras que permiten embellecer los barrios, dar un mayor valor a las propiedades y fundamentalmente conectar de manera \u00f3ptima a vecinos y vecinas\u201d, subray\u00f3. \u201cEstamos contentos y agradecidos al Gobierno porque al haber tantas obras en la ciudad, es mayor el n\u00famero de empleo que se genera en la construcci\u00f3n y eso asegura el sustento econ\u00f3mico de nuestras familias\u201d, agreg\u00f3 Rub\u00e9n Villalva, capataz de la obra.<br \/>\n Edificios de contenci\u00f3n para la ni\u00f1ez<br \/>\nLa construcci\u00f3n del edificio del Espacios Convivenciales Alternativos (ECA), \u201cNi\u00f1o Jes\u00fas\u201d, avanza a un buen ritmo. El proyecto contempla un p\u00f3rtico de acceso, oficina y direcci\u00f3n, cuatro habitaciones, cocina y sanitarios. Se trata de una obra clave para fortalecer el trabajo que viene desarrollando este Espacio en el resguardo excepcional de ni\u00f1os, ni\u00f1as y adolescentes. En este sentido, aborda sus necesidades biol\u00f3gicas, afectivas y sociales, buscando la m\u00e1xima garant\u00eda de sus derechos y su empoderamiento dentro de un \u00e1mbito de seguridad y protecci\u00f3n. En tanto el Centro de Desarrollo Infantil (CDI) presenta un avance del 15 por ciento en su ejecuci\u00f3n y se espera su finalizaci\u00f3n para mediados de julio. La obra, que demanda una inversi\u00f3n de $83.187.558, brindar\u00e1 atenci\u00f3n integral a ni\u00f1os y ni\u00f1as de 45 d\u00edas a 4 a\u00f1os, con asistencia nutricional, estimulaci\u00f3n temprana y psicomotricidad. \u201cEl objetivo es tener 48 CDI en la provincia, donde 18 ya est\u00e1n pr\u00f3ximos a ser inaugurados. Buscamos que m\u00e1s de 12.000 ni\u00f1os y ni\u00f1as de 45 d\u00edas a cuatro a\u00f1os puedan estar ya incluidos en el sistema de educaci\u00f3n en todo el territorio chaque\u00f1o\u201d, ratific\u00f3 Perez Pons.<br \/>\nEl Ministerio avanza tambi\u00e9n con refacciones en la EEP 638 donde se realiza relleno y revestimiento de pisos, rampa de acceso, y pintura en sal\u00f3n de usos m\u00faltiples, m\u00e1s la ampliaci\u00f3n de dos salones, refacci\u00f3n de cocina, dep\u00f3sito, instalaci\u00f3n de heladera, freezer, mesada, reajuste de ba\u00f1o e iluminaci\u00f3n nueva en cada aula. En la EEP 173 se realizaron trabajos de pintura general, instalaci\u00f3n el\u00e9ctrica y arreglo de sanitarios.<br \/>\n<<a href=\"http:\/\/www.avg.com\/email-signature?utm_medium=email&#038;utm_source=link&#038;utm_campaign=sig-email&#038;utm_content=webmail\">www.avg.com\/email-signature?utm_medium=email&amp;utm_source=link&amp;utm_campaign=sig-email&amp;utm_content=webmail<\/a>> Libre de virus.www.avg.com <<a href=\"http:\/\/www.avg.com\/email-signature?utm_medium=email&#038;utm_source=link&#038;utm_campaign=sig-email&#038;utm_content=webmail\">www.avg.com\/email-signature?utm_medium=email&amp;utm_source=link&amp;utm_campaign=sig-email&amp;utm_content=webmail<\/a>> <#DAB4FAD8-2DD7-40BB-A1B8-4E2AA1F9FDF2><\/p>\n","protected":false},"excerpt":{"rendered":"<p>El gobierno provincial avanza con la pavimentaci\u00f3n de 27 cuadras y la construcci\u00f3n del nuevo edificio del Espacios Convivenciales Alternativos (ECA), \u201cNi\u00f1o Jes\u00fas\u201d. Adem\u00e1s, inici\u00f3 la ejecuci\u00f3n del Centro de Desarrollo Infantil (CDI) y refacciones en establecimientos educativos. El ministro de Planificaci\u00f3n, Econom\u00eda e Infraestructura Santiago P\u00e9rez Pons destac\u00f3 las inversiones estrat\u00e9gicas que se ejecutan [&hellip;]<\/p>\n","protected":false},"author":1,"featured_media":22570,"comment_status":"closed","ping_status":"closed","sticky":false,"template":"","format":"standard","meta":{"footnotes":""},"categories":[6],"tags":[],"class_list":{"0":"post-22569","1":"post","2":"type-post","3":"status-publish","4":"format-standard","5":"has-post-thumbnail","7":"category-chaco"},"_links":{"self":[{"href":"https:\/\/chacosintesis.com.ar\/index.php\/wp-json\/wp\/v2\/posts\/22569","targetHints":{"allow":["GET"]}}],"collection":[{"href":"https:\/\/chacosintesis.com.ar\/index.php\/wp-json\/wp\/v2\/posts"}],"about":[{"href":"https:\/\/chacosintesis.com.ar\/index.php\/wp-json\/wp\/v2\/types\/post"}],"author":[{"embeddable":true,"href":"https:\/\/chacosintesis.com.ar\/index.php\/wp-json\/wp\/v2\/users\/1"}],"replies":[{"embeddable":true,"href":"https:\/\/chacosintesis.com.ar\/index.php\/wp-json\/wp\/v2\/comments?post=22569"}],"version-history":[{"count":0,"href":"https:\/\/chacosintesis.com.ar\/index.php\/wp-json\/wp\/v2\/posts\/22569\/revisions"}],"wp:featuredmedia":[{"embeddable":true,"href":"https:\/\/chacosintesis.com.ar\/index.php\/wp-json\/wp\/v2\/media\/22570"}],"wp:attachment":[{"href":"https:\/\/chacosintesis.com.ar\/index.php\/wp-json\/wp\/v2\/media?parent=22569"}],"wp:term":[{"taxonomy":"category","embeddable":true,"href":"https:\/\/chacosintesis.com.ar\/index.php\/wp-json\/wp\/v2\/categories?post=22569"},{"taxonomy":"post_tag","embeddable":true,"href":"https:\/\/chacosintesis.com.ar\/index.php\/wp-json\/wp\/v2\/tags?post=22569"}],"curies":[{"name":"wp","href":"https:\/\/api.w.org\/{rel}","templated":true}]}}