{"id":22567,"date":"2023-06-08T16:18:25","date_gmt":"2023-06-08T19:18:25","guid":{"rendered":"https:\/\/chacosintesis.com.ar\/?p=22567"},"modified":"2023-06-08T16:36:54","modified_gmt":"2023-06-08T19:36:54","slug":"ordenan-no-difundir-datos-e-imagenes-que-permitan-identificar-a-menores-de-edad-en-causas-judiciales","status":"publish","type":"post","link":"https:\/\/chacosintesis.com.ar\/index.php\/ordenan-no-difundir-datos-e-imagenes-que-permitan-identificar-a-menores-de-edad-en-causas-judiciales\/","title":{"rendered":"Ordenan no difundir datos e im\u00e1genes que permitan identificar a menores de edad en causas judiciales"},"content":{"rendered":"<p>El juez de Ni\u00f1ez, Adolescencia y Familia N\u00ba 3 de Resistencia, Juan Pablo Lubary, orden\u00f3 a las personas mencionadas den la causa 6.377\/23-1 \u201cF., C. s\/ protecci\u00f3n integral\u201d y a los medios de comunicaci\u00f3n abstenerse de exponer, difundir o divulgar datos, informaciones o im\u00e1genes que permitan identificar a las personas menores de edad. En la resoluci\u00f3n 259\/23 el juez exhort\u00f3 a las personas involucradas \u201cabstenerse de hacer p\u00fablicos los conflictos judiciales que involucren\u201d a la ni\u00f1a bajo apercibimiento de ley. Mientras que los medios no podr\u00e1n difundir datos relativos a las circunstancias \u201cbio-psico-sociales del grupo familiar de la ni\u00f1a involucrada por cualquier medio de difusi\u00f3n como ser redes sociales de internet, u otro medio tecnol\u00f3gico o escrito, medios de comunicaci\u00f3n social, sean gr\u00e1ficos, radiales o televisivos, consistan en cartas de lectores o cualquier otra informaci\u00f3n\u201d.<br \/>\n<<a href=\"http:\/\/www.avg.com\/email-signature?utm_medium=email&#038;utm_source=link&#038;utm_campaign=sig-email&#038;utm_content=webmail\">www.avg.com\/email-signature?utm_medium=email&amp;utm_source=link&amp;utm_campaign=sig-email&amp;utm_content=webmail<\/a>> Libre de virus.www.avg.com <<a href=\"http:\/\/www.avg.com\/email-signature?utm_medium=email&#038;utm_source=link&#038;utm_campaign=sig-email&#038;utm_content=webmail\">www.avg.com\/email-signature?utm_medium=email&amp;utm_source=link&amp;utm_campaign=sig-email&amp;utm_content=webmail<\/a>> <#DAB4FAD8-2DD7-40BB-A1B8-4E2AA1F9FDF2><\/p>\n","protected":false},"excerpt":{"rendered":"<p>El juez de Ni\u00f1ez, Adolescencia y Familia N\u00ba 3 de Resistencia, Juan Pablo Lubary, orden\u00f3 a las personas mencionadas den la causa 6.377\/23-1 \u201cF., C. s\/ protecci\u00f3n integral\u201d y a los medios de comunicaci\u00f3n abstenerse de exponer, difundir o divulgar datos, informaciones o im\u00e1genes que permitan identificar a las personas menores de edad. En la [&hellip;]<\/p>\n","protected":false},"author":1,"featured_media":22568,"comment_status":"closed","ping_status":"closed","sticky":false,"template":"","format":"standard","meta":{"footnotes":""},"categories":[6],"tags":[],"class_list":{"0":"post-22567","1":"post","2":"type-post","3":"status-publish","4":"format-standard","5":"has-post-thumbnail","7":"category-chaco"},"_links":{"self":[{"href":"https:\/\/chacosintesis.com.ar\/index.php\/wp-json\/wp\/v2\/posts\/22567","targetHints":{"allow":["GET"]}}],"collection":[{"href":"https:\/\/chacosintesis.com.ar\/index.php\/wp-json\/wp\/v2\/posts"}],"about":[{"href":"https:\/\/chacosintesis.com.ar\/index.php\/wp-json\/wp\/v2\/types\/post"}],"author":[{"embeddable":true,"href":"https:\/\/chacosintesis.com.ar\/index.php\/wp-json\/wp\/v2\/users\/1"}],"replies":[{"embeddable":true,"href":"https:\/\/chacosintesis.com.ar\/index.php\/wp-json\/wp\/v2\/comments?post=22567"}],"version-history":[{"count":0,"href":"https:\/\/chacosintesis.com.ar\/index.php\/wp-json\/wp\/v2\/posts\/22567\/revisions"}],"wp:featuredmedia":[{"embeddable":true,"href":"https:\/\/chacosintesis.com.ar\/index.php\/wp-json\/wp\/v2\/media\/22568"}],"wp:attachment":[{"href":"https:\/\/chacosintesis.com.ar\/index.php\/wp-json\/wp\/v2\/media?parent=22567"}],"wp:term":[{"taxonomy":"category","embeddable":true,"href":"https:\/\/chacosintesis.com.ar\/index.php\/wp-json\/wp\/v2\/categories?post=22567"},{"taxonomy":"post_tag","embeddable":true,"href":"https:\/\/chacosintesis.com.ar\/index.php\/wp-json\/wp\/v2\/tags?post=22567"}],"curies":[{"name":"wp","href":"https:\/\/api.w.org\/{rel}","templated":true}]}}