{"id":22547,"date":"2023-06-08T15:51:14","date_gmt":"2023-06-08T18:51:14","guid":{"rendered":"https:\/\/chacosintesis.com.ar\/?p=22547"},"modified":"2023-06-08T16:07:02","modified_gmt":"2023-06-08T19:07:02","slug":"turismo-capacito-a-mas-de-50-representantes-del-sector","status":"publish","type":"post","link":"https:\/\/chacosintesis.com.ar\/index.php\/turismo-capacito-a-mas-de-50-representantes-del-sector\/","title":{"rendered":"Turismo capacit\u00f3 a m\u00e1s de 50 representantes del sector"},"content":{"rendered":"<p>Las y los prestadores asistieron a distintas charlas y jornadas con el objetivo de seguir fortaleciendo la actividad del sector.<br \/>\nEl Gobierno provincial, a trav\u00e9s del Instituto de Turismo, contin\u00faa con las jornadas de capacitaciones a prestadores tur\u00edsticos chaque\u00f1os. En ese marco, este lunes y martes, en el Hotel Boutique Del Pomar de Resistencia, la \u201cEscuela de Negocios&#8221; realiz\u00f3 una formaci\u00f3n destinada a potenciar la actividad. El evento cont\u00f3 con la asistencia de m\u00e1s de 20 prestadores de Colonia Ben\u00edtez, Castelli, Capit\u00e1n Solari, Colonia Elisa, Gancedo, Pampa del Infierno, Resistencia, Villa \u00c1ngela, Barranqueras y de la provincia de Corrientes. A su vez, en Juan Jos\u00e9 Castelli se realiz\u00f3 una capacitaci\u00f3n en el marco del Sello FormAR. La Escuela de Negocios es una propuesta de formaci\u00f3n intensiva destinada a prestadores tur\u00edsticos que necesiten potenciar la rentabilidad de su negocio a trav\u00e9s de una formaci\u00f3n de aplicaci\u00f3n pr\u00e1ctica. El presidente del Instituto de Turismo Ariel Ybarra se\u00f1al\u00f3: \u201cEstamos trabajando para posicionarnos como un destino de calidad, por eso nos parecen fundamentales estas instancias de capacitaci\u00f3n para fortalecer al sector tur\u00edstico&#8221;. En ese sentido: \u201cValoramos y reconocemos la mirada federal que tiene el Ministerio de Turismo y Deportes de la Naci\u00f3n a la hora de pensar herramientas que fortalecen al sector privado en turismo en todo el pa\u00eds&#8221; y destac\u00f3 que &#8220;estamos orgullosos de ser sede, junto a Corrientes de esta propuesta pensada de manera particular para el litoral argentino\u201d. \u201cSeguimos trabajando como el primer d\u00eda para construir entre todos y todas un Destino Tur\u00edstico Sostenible, competitivo, experiencial y transformador&#8221;, concluy\u00f3 el titular de la cartera. La capacitaci\u00f3n en Resistencia se realiz\u00f3 sobre \u201cPalanca de procesos&#8221; a cargo del profesor Christian Longarini. Este m\u00f3dulo plantea ciertos interrogantes disparadores como: \u00bfQu\u00e9 procesos son capaces de crear diferenciales para nuestros clientes en la oferta de valor? \u00bfEstamos trabajando para mejorar estos procesos de manera continua? \u00bfCu\u00e1n lejos est\u00e1n mis competidores de implementar dichos procesos? \u00bfQu\u00e9 estoy haciendo para cuando llegue el momento en el que esos procesos dejen de crear diferenciales? Todas las capacitaciones estuvieron a cargo de MateriaBiz, y fueron llevadas adelante junto al Ministerio de Turismo y Deportes de la Naci\u00f3n, el ITCh y Ministerio de Turismo de Corrientes. La convocatoria dar\u00e1 por finalizada las jornadas de capacitaci\u00f3n el pr\u00f3ximo 24 y 25 de julio.<\/p>\n<p>Sello \u201cFormAR\u201d en Chaco<br \/>\nEste lunes en Juan Jos\u00e9 Castelli, personal del Instituto de Turismo del Chaco brind\u00f3 la capacitaci\u00f3n \u201cAnfitriones del Destino\u201d donde compartieron conceptos b\u00e1sicos como turismo, sistema tur\u00edstico, impactos positivos y negativos, rol del anfitri\u00f3n y atractivos tur\u00edsticos del Destino Chaco, a trav\u00e9s de charlas, talleres de armado experiencias, role play y juegos. El evento cont\u00f3 con 35 asistentes integrados por estudiantes, Gancedo, Puerto Vilelas, Miraflores y El Espinillo as\u00ed como prestadores tur\u00edsticos y gastron\u00f3micos. Esta jornada se realiz\u00f3 en marco del Sello Formar que tiene por objetivo el reconocimiento a la capacitaci\u00f3n del capital humano del sector tur\u00edstico como eslab\u00f3n de la calidad en las gestiones y prestaciones de servicios, evidenciando la importancia de todas las acciones formativas que tiendan a esta mejora. En ese sentido, Andrea Goldfeder y Marina Miguez del \u00e1rea de formaci\u00f3n Ministerio de Turismo y Deportes de la Naci\u00f3n acompa\u00f1aron la capacitaci\u00f3n. \u201cEn este contexto de aprendizaje, el Sello Formar busca empoderar las \u00e1reas de formaci\u00f3n y trabajar en formaciones participativas que pongan como centro a quien aprende y llevar esta manera de ense\u00f1ar y aprender a distintos \u00e1mbitos de la capacitaci\u00f3n en el \u00e1rea de Turismo\u201d coment\u00f3 Goldfeder. Por su parte, Miguez se\u00f1al\u00f3 que: \u201cestos Sellos iniciaron sus capacitaciones en 2022, por lo que esto es la continuidad de la convocatoria en la que adem\u00e1s participan varias provincias, difundiendo herramientas fundamentales para empoderar a las \u00e1reas de capacitaci\u00f3n de Turismo\u201d.<br \/>\n<<a href=\"http:\/\/www.avg.com\/email-signature?utm_medium=email&#038;utm_source=link&#038;utm_campaign=sig-email&#038;utm_content=webmail\">www.avg.com\/email-signature?utm_medium=email&amp;utm_source=link&amp;utm_campaign=sig-email&amp;utm_content=webmail<\/a>> Libre de virus.www.avg.com <<a href=\"http:\/\/www.avg.com\/email-signature?utm_medium=email&#038;utm_source=link&#038;utm_campaign=sig-email&#038;utm_content=webmail\">www.avg.com\/email-signature?utm_medium=email&amp;utm_source=link&amp;utm_campaign=sig-email&amp;utm_content=webmail<\/a>> <#DAB4FAD8-2DD7-40BB-A1B8-4E2AA1F9FDF2><\/p>\n","protected":false},"excerpt":{"rendered":"<p>Las y los prestadores asistieron a distintas charlas y jornadas con el objetivo de seguir fortaleciendo la actividad del sector. El Gobierno provincial, a trav\u00e9s del Instituto de Turismo, contin\u00faa con las jornadas de capacitaciones a prestadores tur\u00edsticos chaque\u00f1os. En ese marco, este lunes y martes, en el Hotel Boutique Del Pomar de Resistencia, la [&hellip;]<\/p>\n","protected":false},"author":1,"featured_media":22548,"comment_status":"closed","ping_status":"closed","sticky":false,"template":"","format":"standard","meta":{"footnotes":""},"categories":[6],"tags":[],"class_list":{"0":"post-22547","1":"post","2":"type-post","3":"status-publish","4":"format-standard","5":"has-post-thumbnail","7":"category-chaco"},"_links":{"self":[{"href":"https:\/\/chacosintesis.com.ar\/index.php\/wp-json\/wp\/v2\/posts\/22547","targetHints":{"allow":["GET"]}}],"collection":[{"href":"https:\/\/chacosintesis.com.ar\/index.php\/wp-json\/wp\/v2\/posts"}],"about":[{"href":"https:\/\/chacosintesis.com.ar\/index.php\/wp-json\/wp\/v2\/types\/post"}],"author":[{"embeddable":true,"href":"https:\/\/chacosintesis.com.ar\/index.php\/wp-json\/wp\/v2\/users\/1"}],"replies":[{"embeddable":true,"href":"https:\/\/chacosintesis.com.ar\/index.php\/wp-json\/wp\/v2\/comments?post=22547"}],"version-history":[{"count":0,"href":"https:\/\/chacosintesis.com.ar\/index.php\/wp-json\/wp\/v2\/posts\/22547\/revisions"}],"wp:featuredmedia":[{"embeddable":true,"href":"https:\/\/chacosintesis.com.ar\/index.php\/wp-json\/wp\/v2\/media\/22548"}],"wp:attachment":[{"href":"https:\/\/chacosintesis.com.ar\/index.php\/wp-json\/wp\/v2\/media?parent=22547"}],"wp:term":[{"taxonomy":"category","embeddable":true,"href":"https:\/\/chacosintesis.com.ar\/index.php\/wp-json\/wp\/v2\/categories?post=22547"},{"taxonomy":"post_tag","embeddable":true,"href":"https:\/\/chacosintesis.com.ar\/index.php\/wp-json\/wp\/v2\/tags?post=22547"}],"curies":[{"name":"wp","href":"https:\/\/api.w.org\/{rel}","templated":true}]}}