{"id":22538,"date":"2023-06-08T08:24:27","date_gmt":"2023-06-08T11:24:27","guid":{"rendered":"https:\/\/chacosintesis.com.ar\/?p=22538"},"modified":"2023-06-08T08:37:03","modified_gmt":"2023-06-08T11:37:03","slug":"capitanich-anuncio-medidas-economicas-para-jovenes-asociaciones-civiles-y-entidades-profesionales","status":"publish","type":"post","link":"https:\/\/chacosintesis.com.ar\/index.php\/capitanich-anuncio-medidas-economicas-para-jovenes-asociaciones-civiles-y-entidades-profesionales\/","title":{"rendered":"Capitanich anunci\u00f3 medidas econ\u00f3micas para j\u00f3venes, asociaciones civiles y entidades profesionales"},"content":{"rendered":"<p>La medida considera cr\u00e9ditos para compras de computadoras, mobiliario y aportes no reembolsables para que consejos y colegios mejoren su infraestructura.<br \/>\n El gobernador Jorge Capitanich, particip\u00f3 este mi\u00e9rcoles de un encuentro con profesionales universitarios. En la oportunidad, se anunci\u00f3 una serie de medidas econ\u00f3micas para graduados y matriculados, como as\u00ed tambi\u00e9n para consejos y colegios profesionales creados por ley.<br \/>\nEstas medidas engloban tres aspectos principales: primero, el otorgamiento de 1.000 cr\u00e9ditos para profesionales y matriculados para la adquisici\u00f3n de computadoras y mobiliario; luego, una l\u00ednea de cr\u00e9dito productivo a tasa subsidiada y por \u00faltimo un aporte financiero no reembolsable tanto para consejos como para colegios profesionales creados por ley para la mejora de su infraestructura y equipamiento.<br \/>\n\u201cEstas son tres decisiones muy importantes para fortalecer el ejercicio profesional de todas las profesiones que se desarrollan en el \u00e1mbito de la provincia del Chaco\u201d, sostuvo el mandatario durante el encuentro que se realiz\u00f3 en el Consejo Profesional de Ciencias Econ\u00f3micas de Resistencia.<br \/>\nA su vez, Capitanich, quien estuvo acompa\u00f1ado por el ministro de Planificaci\u00f3n, Econom\u00eda e Infraestructura, Santiago P\u00e9rez Pons; el ministro de Producci\u00f3n, Industria y Empleo, Sebasti\u00e1n Lifton; y el titular del Consejo de Abogados y Procuradores, Ricardo Urturi; agreg\u00f3: \u201cDesarrollamos durante nuestra gesti\u00f3n un plan de cooperaci\u00f3n con las universidades nacionales p\u00fablicas y as\u00ed apoyar a toda la comunidad estudiantil. Nos parece muy interesante este impacto, porque lo que nosotros queremos es facilitar la tarea de los alumnos a la hora de la compra de sus insumos de estudio\u201d.<br \/>\nEn el marco de los anuncios, el ministro P\u00e9rez Pons destac\u00f3 el trabajo conjunto realizado con la Federaci\u00f3n de Profesionales Universitarios del Chaco y las c\u00e1maras y consejos de profesionales para definir esta gesti\u00f3n: &#8220;solicitamos al poder ejecutivo trabajar l\u00edneas de cr\u00e9dito para los profesionales ya recibidos, otorgando m\u00e1s<br \/>\nde mil cr\u00e9ditos y con m\u00e1s de 670 millones de pesos invertidos\u201d<br \/>\nSeguidamente, remarc\u00f3: &#8220;Desde el gobierno alcanzamos a todos los sectores con estas medidas porque consideramos que el sector de j\u00f3venes o futuros profesionales universitarios son muy importantes para el desarrollo econ\u00f3mico en nuestra provincia porque impulsan el trabajo registrado, brindan asesoramiento a las empresas y  son el futuro\u201d.<\/p>\n<p>Inclusi\u00f3n digital profesional<\/p>\n<p>La primera de las propuestas fue el otorgamiento de 1.000 cr\u00e9ditos por parte del Gobierno provincial para profesionales y matriculados para la adquisici\u00f3n de computadoras y mobiliario. Los destinatarios son profesionales en actividad con antig\u00fcedad de hasta 10 a\u00f1os, quienes acceder\u00e1n a cr\u00e9ditos de entre $150.000 y $350.000, a devolver en 12, 24 y hasta 36 cuotas, con financiamiento a tasa cero.<br \/>\nCada uno de los interesados deber\u00e1 inscribirse al programa mediante Tu Gobierno Digital, adjuntando la documentaci\u00f3n requerida. Una vez aprobado, se le otorgar\u00e1 el pr\u00e9stamo mediante la Tarjeta Recargable. Para mayor informaci\u00f3n, el contacto es <a href=\"mailto:inclusiondigital@chaco.gob.ar\" >inclusiondigital@chaco.gob.ar<\/a>.<\/p>\n<p>Fortalecimiento institucional<\/p>\n<p>La segunda medida anunciada durante la jornada por el Ejecutivo provincial fue el aporte financiero no reembolsable de hasta un mill\u00f3n de pesos a los consejos y colegios de profesionales creados por ley y asociaciones civiles, destinado a realizar reformas en las sedes y compras de equipamiento.<br \/>\nAl respecto, P\u00e9rez Pons precis\u00f3 que este fortalecimiento Institucional permitir\u00e1 \u201crealizar reformas, mejoras edilicias, ampliaciones en sus sedes; o bien, comprar equipamiento y mobiliario que contribuyan al desempe\u00f1o de la actividad que desarrolla cada instituci\u00f3n\u201d. Para m\u00e1s informaci\u00f3n y datos de inscripci\u00f3n, el contacto es <a href=\"mailto:infraplanifest@chaco.gob.ar\" >infraplanifest@chaco.gob.ar<\/a>.<\/p>\n<p>Consolidar MiPyme Profesionales<\/p>\n<p>Finalmente, el gobernador tambi\u00e9n present\u00f3 el programa \u201cConsolidar Mipyme Profesionales\u201d, una medida impulsada por el Ministerio de Producci\u00f3n, Industria y Empleo en colaboraci\u00f3n con Fiduciaria del Norte SA. La misma consiste en la oferta de un cr\u00e9dito a tasa subsidiada fija del 15%, que puede ser devuelto en hasta 36 cuotas.<br \/>\nEs importante destacar que el objetivo de la asistencia financiera es acompa\u00f1ar y fortalecer la actividad de los profesionales chaque\u00f1os con montos de hasta un mill\u00f3n de pesos para la compra de diferentes mobiliarios. En este caso, las y los interesados pueden contactarse al correo <a href=\"mailto:industriaschaco@gmail.com\" >industriaschaco@gmail.com<\/a> para m\u00e1s informaci\u00f3n.<\/p>\n","protected":false},"excerpt":{"rendered":"<p>La medida considera cr\u00e9ditos para compras de computadoras, mobiliario y aportes no reembolsables para que consejos y colegios mejoren su infraestructura. El gobernador Jorge Capitanich, particip\u00f3 este mi\u00e9rcoles de un encuentro con profesionales universitarios. En la oportunidad, se anunci\u00f3 una serie de medidas econ\u00f3micas para graduados y matriculados, como as\u00ed tambi\u00e9n para consejos y colegios [&hellip;]<\/p>\n","protected":false},"author":1,"featured_media":22539,"comment_status":"closed","ping_status":"closed","sticky":false,"template":"","format":"standard","meta":{"footnotes":""},"categories":[6],"tags":[],"class_list":{"0":"post-22538","1":"post","2":"type-post","3":"status-publish","4":"format-standard","5":"has-post-thumbnail","7":"category-chaco"},"_links":{"self":[{"href":"https:\/\/chacosintesis.com.ar\/index.php\/wp-json\/wp\/v2\/posts\/22538","targetHints":{"allow":["GET"]}}],"collection":[{"href":"https:\/\/chacosintesis.com.ar\/index.php\/wp-json\/wp\/v2\/posts"}],"about":[{"href":"https:\/\/chacosintesis.com.ar\/index.php\/wp-json\/wp\/v2\/types\/post"}],"author":[{"embeddable":true,"href":"https:\/\/chacosintesis.com.ar\/index.php\/wp-json\/wp\/v2\/users\/1"}],"replies":[{"embeddable":true,"href":"https:\/\/chacosintesis.com.ar\/index.php\/wp-json\/wp\/v2\/comments?post=22538"}],"version-history":[{"count":0,"href":"https:\/\/chacosintesis.com.ar\/index.php\/wp-json\/wp\/v2\/posts\/22538\/revisions"}],"wp:featuredmedia":[{"embeddable":true,"href":"https:\/\/chacosintesis.com.ar\/index.php\/wp-json\/wp\/v2\/media\/22539"}],"wp:attachment":[{"href":"https:\/\/chacosintesis.com.ar\/index.php\/wp-json\/wp\/v2\/media?parent=22538"}],"wp:term":[{"taxonomy":"category","embeddable":true,"href":"https:\/\/chacosintesis.com.ar\/index.php\/wp-json\/wp\/v2\/categories?post=22538"},{"taxonomy":"post_tag","embeddable":true,"href":"https:\/\/chacosintesis.com.ar\/index.php\/wp-json\/wp\/v2\/tags?post=22538"}],"curies":[{"name":"wp","href":"https:\/\/api.w.org\/{rel}","templated":true}]}}