{"id":22532,"date":"2023-06-07T10:26:16","date_gmt":"2023-06-07T13:26:16","guid":{"rendered":"https:\/\/chacosintesis.com.ar\/?p=22532"},"modified":"2023-06-07T10:36:44","modified_gmt":"2023-06-07T13:36:44","slug":"capitanich-inauguro-la-refaccion-del-edificio-historico-de-secheep","status":"publish","type":"post","link":"https:\/\/chacosintesis.com.ar\/index.php\/capitanich-inauguro-la-refaccion-del-edificio-historico-de-secheep\/","title":{"rendered":"Capitanich inaugur\u00f3 la refacci\u00f3n del edificio hist\u00f3rico de Secheep"},"content":{"rendered":"<p>Habilit\u00f3 la restauraci\u00f3n de la fachada del centenario e ic\u00f3nico inmueble y la puesta en marcha de una nueva tecnolog\u00eda de software que permitir\u00e1 elevar la calidad del servicio y el trabajo en el despacho de operaciones.<\/p>\n<p> Acompa\u00f1ado de trabajadoras y trabajadores, el gobernador Jorge Capitanich junto a directivos de Secheep inaugur\u00f3 las obras de restauraci\u00f3n y refacci\u00f3n integral de la fachada del hist\u00f3rico edificio de la empresa energ\u00e9tica provincial en Resistencia y la modernizaci\u00f3n del equipamiento del Centro de Operaciones del \u00c1rea Metropolitana con tecnolog\u00eda de software de \u00faltima generaci\u00f3n que permite elevar la calidad del servicio.<\/p>\n<p> \u201cEste es un edificio ic\u00f3nico de la ciudad, su restauraci\u00f3n y refacci\u00f3n tiene un fuerte valor hist\u00f3rico\u201d, se\u00f1al\u00f3 el gobernador durante la inauguraci\u00f3n de la recuperaci\u00f3n y refacci\u00f3n integral del inmueble ubicado en el centro de la capital chaque\u00f1a y cuya construcci\u00f3n inicial tiene un siglo de antig\u00fcedad.<\/p>\n<p>\u201cAdem\u00e1s estamos habilitando la modernizaci\u00f3n del Centro de Operaciones con tecnolog\u00eda de \u00faltima generaci\u00f3n y un sistema de software que permitir\u00e1 una mejor visualizaci\u00f3n y monitoreo de todos los distribuidores del \u00e1rea metropolitana y aquellos que telecomandados desde Resistencia llegan a unas 25 localidades del Este, Sureste y Centro de la provincia\u201d, agreg\u00f3 el mandatario provincial quien estuvo acompa\u00f1ado del presidente de Secheep, Gast\u00f3n Blanquet, y los vocales de la empresa, Sa\u00fal Medero y Carlos Coschiza.<\/p>\n<p> Durante la inauguraci\u00f3n, Blanquet se\u00f1al\u00f3 que \u201cla fachada de este edificio que data de la d\u00e9cada de 1920 estaba muy deca\u00edda en los \u00faltimos a\u00f1os y se ha restaurado a su dise\u00f1o arquitect\u00f3nico original, pero a su vez vincul\u00e1ndola con tecnolog\u00eda de \u00faltima generaci\u00f3n. Esta modernizaci\u00f3n del software de operaci\u00f3n nos permite monitorear todas las redes de alta, media y baja tensi\u00f3n de la provincia\u201d, se\u00f1al\u00f3 el funcionario.<\/p>\n<p> En esa l\u00ednea, mencion\u00f3 que Secheep \u201ccuenta con dos centros de operaciones, uno en Resistencia y el otro en Presidencia Roque S\u00e1enz Pe\u00f1a, trabajando en simult\u00e1neo para optimizar el servicio, aunque por cualquier contingencia uno u otro puede operar por s\u00ed mismo\u201d.<br \/>\nSobre el Centro de Operaciones inform\u00f3: \u201cDesde aqu\u00ed se operan 240 l\u00edneas de media tensi\u00f3n, 54 transformadores de potencia, 27 centros de distribuci\u00f3n y m\u00e1s de 2.200 subestaciones transformadoras las 24 horas del d\u00eda\u201d.<\/p>\n<p>La modernizaci\u00f3n del nuevo de despacho de operaciones<br \/>\nCon una inversi\u00f3n cercana a los 73 millones de pesos, la modernizaci\u00f3n del Centro de Operaciones del \u00c1rea Metropolitana de Secheep mejorar\u00e1 el monitoreo y visualizaci\u00f3n de la red de energ\u00eda el\u00e9ctrica de todo el Gran Resistencia y otras 25 localidades del este, sureste y centro de la provincia, en donde se concentran 193.500 clientes de Secheep, es decir el 45,5% de las usuarias y los usuarios del servicio.<\/p>\n<p>La obra ejecutada forma parte del plan de acci\u00f3n e inversi\u00f3n de Secheep de modernizar los servicios y procedimientos que se vienen implementando para mejorar la respuesta que tenemos frente a las usuarias y los usuarios, ofreciendo adem\u00e1s, m\u00e1s y mejores herramientas al personal de la empresa.<\/p>\n<p> En el lugar, se instal\u00f3 y program\u00f3 un nuevo sistema SCADA para 30.000 puntos. El mismo consta de dos servidores dedicados m\u00e1s 4 viewers de \u00faltima generaci\u00f3n. Dos switchs de datos m\u00e1s un reloj GPS y un sistema Barco multipantalla. Adem\u00e1s se realiz\u00f3 el amoblamiento nuevo y se instalaron pantallas asociadas para el trabajo.<\/p>\n<p>La recuperaci\u00f3n de una fachada centenaria<br \/>\nCon una inversi\u00f3n de 35 millones de pesos, con recursos propios de Secheep, la obra de remodelaci\u00f3n y restauraci\u00f3n de la fachada del edificio hist\u00f3rico de Secheep forma parte del plan de acci\u00f3n e inversi\u00f3n que tiene como objetivo darle un valor agregado a inmuebles e infraestructura que la empresa energ\u00e9tica tiene en diversas localidades.<\/p>\n<p> En ese lugar, en 1907 comenz\u00f3 a funcionar la primera usina de la ciudad. Ya en la d\u00e9cada del 1920 funciona all\u00ed la Compa\u00f1\u00eda de Electricidad del Este Argentina, que instal\u00f3 en el actual predio de Secheep una usina moderna y eficiente, cuya actividad fue provechosa no solo para el impulso de la ciudad sino tambi\u00e9n para el bienestar y seguridad de sus habitantes y para el desarrollo industrial). Fue en ese momento cuando comenz\u00f3 la construcci\u00f3n del actual edificio cuya etapa final se estima se realiz\u00f3 en 1940.<\/p>\n<p> \u201cEn el lugar, inicialmente, se albergaba la usina el\u00e9ctrica (donde actualmente funciona la atenci\u00f3n comercial en el mismo complejo) y la central telef\u00f3nica (que hoy alberga oficinas administrativas, t\u00e9cnicas y el centro de control para la Gerencia del \u00c1rea Metropolitana\u201d, mencion\u00f3 Blanquet.<\/p>\n<p> La intervenci\u00f3n de restauraci\u00f3n implic\u00f3 la realizaci\u00f3n de acciones concretas como: limpieza visual de elementos en fachada, la restauraci\u00f3n de molduras y cornisas, la canalizaci\u00f3n interna de desag\u00fces pluviales, la canalizaci\u00f3n interna de conductos para cable de energ\u00eda y servicios, la implementaci\u00f3n de impermeabilizaci\u00f3n de paramentos, el retiro de cables e infraestructura fuera de servicio as\u00ed como la relocalizaci\u00f3n de aquella que deb\u00eda mantenerse y la refacci\u00f3n del bloque de acceso de nuestro personal.<\/p>\n<p> A todo esto se suma el dise\u00f1o de un sistema moderno de iluminaci\u00f3n que permitir\u00e1 comunicar a\u00fan con m\u00e1s intensidad la presencia del edificio como hito dentro del casco c\u00e9ntrico de la ciudad.<\/p>\n","protected":false},"excerpt":{"rendered":"<p>Habilit\u00f3 la restauraci\u00f3n de la fachada del centenario e ic\u00f3nico inmueble y la puesta en marcha de una nueva tecnolog\u00eda de software que permitir\u00e1 elevar la calidad del servicio y el trabajo en el despacho de operaciones. Acompa\u00f1ado de trabajadoras y trabajadores, el gobernador Jorge Capitanich junto a directivos de Secheep inaugur\u00f3 las obras de [&hellip;]<\/p>\n","protected":false},"author":1,"featured_media":22533,"comment_status":"closed","ping_status":"closed","sticky":false,"template":"","format":"standard","meta":{"footnotes":""},"categories":[6],"tags":[],"class_list":{"0":"post-22532","1":"post","2":"type-post","3":"status-publish","4":"format-standard","5":"has-post-thumbnail","7":"category-chaco"},"_links":{"self":[{"href":"https:\/\/chacosintesis.com.ar\/index.php\/wp-json\/wp\/v2\/posts\/22532","targetHints":{"allow":["GET"]}}],"collection":[{"href":"https:\/\/chacosintesis.com.ar\/index.php\/wp-json\/wp\/v2\/posts"}],"about":[{"href":"https:\/\/chacosintesis.com.ar\/index.php\/wp-json\/wp\/v2\/types\/post"}],"author":[{"embeddable":true,"href":"https:\/\/chacosintesis.com.ar\/index.php\/wp-json\/wp\/v2\/users\/1"}],"replies":[{"embeddable":true,"href":"https:\/\/chacosintesis.com.ar\/index.php\/wp-json\/wp\/v2\/comments?post=22532"}],"version-history":[{"count":0,"href":"https:\/\/chacosintesis.com.ar\/index.php\/wp-json\/wp\/v2\/posts\/22532\/revisions"}],"wp:featuredmedia":[{"embeddable":true,"href":"https:\/\/chacosintesis.com.ar\/index.php\/wp-json\/wp\/v2\/media\/22533"}],"wp:attachment":[{"href":"https:\/\/chacosintesis.com.ar\/index.php\/wp-json\/wp\/v2\/media?parent=22532"}],"wp:term":[{"taxonomy":"category","embeddable":true,"href":"https:\/\/chacosintesis.com.ar\/index.php\/wp-json\/wp\/v2\/categories?post=22532"},{"taxonomy":"post_tag","embeddable":true,"href":"https:\/\/chacosintesis.com.ar\/index.php\/wp-json\/wp\/v2\/tags?post=22532"}],"curies":[{"name":"wp","href":"https:\/\/api.w.org\/{rel}","templated":true}]}}