{"id":22524,"date":"2023-06-06T16:41:25","date_gmt":"2023-06-06T19:41:25","guid":{"rendered":"https:\/\/chacosintesis.com.ar\/?p=22524"},"modified":"2023-06-06T17:06:54","modified_gmt":"2023-06-06T20:06:54","slug":"el-sindicato-de-prensa-del-chaco-en-el-dia-de-las-y-los-periodistas","status":"publish","type":"post","link":"https:\/\/chacosintesis.com.ar\/index.php\/el-sindicato-de-prensa-del-chaco-en-el-dia-de-las-y-los-periodistas\/","title":{"rendered":"El Sindicato de Prensa del Chaco en el D\u00eda de las y los Periodistas"},"content":{"rendered":"<p>Este pr\u00f3ximo 7 de junio se conmemora el d\u00eda de los y las periodistas por haberse publicado en 1810 la Gazeta de Buenos Aires, primer \u00f3rgano de prensa de aquel naciente gobierno patrio. Hasta ah\u00ed lo que marca la historia. Ante la proximidad de esta fecha, el Sindicato de Prensa del Chaco emiti\u00f3 un comunicado donde reflejan la situaci\u00f3n actual de las y los trabajadores.<br \/>\nEste es el escrito completo enviado a la Agencia FOCO: \u201cEn el actual 2023 la situaci\u00f3n del trabajo de prensa de todo el pa\u00eds es de absoluta indefensi\u00f3n, producto del alt\u00edsimo grado de precarizaci\u00f3n y no registrado. Las excepciones son muy contadas en radios y canales de TV, portales de noticias y en menor \u00edndice lo que conocemos como medios gr\u00e1ficos como diario Norte, La Voz del Chaco y Primera L\u00ednea. Hoy los salarios del sector est\u00e1n por debajo de los \u00edndices de pobreza. En la categor\u00eda inicial con el \u00faltimo 8% de nuestra escala, un aspirante cobra (o deber\u00eda cobrar) 104.991 pesos, un redactor que est\u00e1 en el medio del escalaf\u00f3n cobra 160.662 pesos y un jefe de secci\u00f3n 178.524 pesos\u201d.<br \/>\n\u201cNo hace falta decir hoy lo que cuesta sobrevivir en el pa\u00eds con una inflaci\u00f3n que se proyecta muy superior al 100% para este a\u00f1o. Tanto el Estado nacional como provincial tienen las herramientas de contralor del trabajo en negro y ante la falta de cumplimiento de los respectivos convenios colectivos de trabajo que rigen nuestra profesi\u00f3n en el Chaco\u201d, agrega el escrito.<br \/>\nY concluye: \u201cEl pr\u00f3ximo d\u00eda 9 de junio los trabajadores prensa tendremos una nueva reuni\u00f3n paritaria en el \u00e1mbito del Ministerio de Trabajo de la Naci\u00f3n con representantes de la patronal de los medios gr\u00e1ficos. All\u00ed podr\u00e1n agradecer a todos sus trabajadores otorg\u00e1ndoles salarios dignos y condiciones de trabajo para ejercer dignamente un oficio que es ni m\u00e1s ni menos que el de informar.<br \/>\nSaludamos desde esta entidad sindical a todas las personas que trabajan en prensa en general y por supuesto a quienes eligieron lo m\u00e1s hermoso que es informar, sin nunca dejar de lado lo m\u00e1s preciado que podemos dar a la sociedad que es sobre todo decir la verdad\u201d.<\/p>\n","protected":false},"excerpt":{"rendered":"<p>Este pr\u00f3ximo 7 de junio se conmemora el d\u00eda de los y las periodistas por haberse publicado en 1810 la Gazeta de Buenos Aires, primer \u00f3rgano de prensa de aquel naciente gobierno patrio. Hasta ah\u00ed lo que marca la historia. Ante la proximidad de esta fecha, el Sindicato de Prensa del Chaco emiti\u00f3 un comunicado [&hellip;]<\/p>\n","protected":false},"author":1,"featured_media":22525,"comment_status":"closed","ping_status":"closed","sticky":false,"template":"","format":"standard","meta":{"footnotes":""},"categories":[6],"tags":[],"class_list":{"0":"post-22524","1":"post","2":"type-post","3":"status-publish","4":"format-standard","5":"has-post-thumbnail","7":"category-chaco"},"_links":{"self":[{"href":"https:\/\/chacosintesis.com.ar\/index.php\/wp-json\/wp\/v2\/posts\/22524","targetHints":{"allow":["GET"]}}],"collection":[{"href":"https:\/\/chacosintesis.com.ar\/index.php\/wp-json\/wp\/v2\/posts"}],"about":[{"href":"https:\/\/chacosintesis.com.ar\/index.php\/wp-json\/wp\/v2\/types\/post"}],"author":[{"embeddable":true,"href":"https:\/\/chacosintesis.com.ar\/index.php\/wp-json\/wp\/v2\/users\/1"}],"replies":[{"embeddable":true,"href":"https:\/\/chacosintesis.com.ar\/index.php\/wp-json\/wp\/v2\/comments?post=22524"}],"version-history":[{"count":0,"href":"https:\/\/chacosintesis.com.ar\/index.php\/wp-json\/wp\/v2\/posts\/22524\/revisions"}],"wp:featuredmedia":[{"embeddable":true,"href":"https:\/\/chacosintesis.com.ar\/index.php\/wp-json\/wp\/v2\/media\/22525"}],"wp:attachment":[{"href":"https:\/\/chacosintesis.com.ar\/index.php\/wp-json\/wp\/v2\/media?parent=22524"}],"wp:term":[{"taxonomy":"category","embeddable":true,"href":"https:\/\/chacosintesis.com.ar\/index.php\/wp-json\/wp\/v2\/categories?post=22524"},{"taxonomy":"post_tag","embeddable":true,"href":"https:\/\/chacosintesis.com.ar\/index.php\/wp-json\/wp\/v2\/tags?post=22524"}],"curies":[{"name":"wp","href":"https:\/\/api.w.org\/{rel}","templated":true}]}}