{"id":22518,"date":"2023-06-06T16:29:48","date_gmt":"2023-06-06T19:29:48","guid":{"rendered":"https:\/\/chacosintesis.com.ar\/?p=22518"},"modified":"2023-06-06T16:36:47","modified_gmt":"2023-06-06T19:36:47","slug":"la-miel-chaquena-tesoro-del-monte-fue-la-ganadora-de-la-expomiel-azul-2023","status":"publish","type":"post","link":"https:\/\/chacosintesis.com.ar\/index.php\/la-miel-chaquena-tesoro-del-monte-fue-la-ganadora-de-la-expomiel-azul-2023\/","title":{"rendered":"La miel chaque\u00f1a \u201cTesoro del Monte\u201d fue la ganadora de la ExpoMiel Azul 2023"},"content":{"rendered":"<p>El evento se llev\u00f3 a cabo en la provincia de Buenos Aires y cont\u00f3 con la participaci\u00f3n de 29 apicultores de nueve provincias.<br \/>\nEn el marco de la ExpoMiel Azul 2023, la miel chaque\u00f1a \u201cTesoro del Monte\u201d se llev\u00f3 el primer premio en una competencia que cont\u00f3 con la participaci\u00f3n de 29 apicultores de nueve provincias. El evento se realiz\u00f3 en la provincia de Buenos Aires y fue organizado por el INTA Proapi, la Facultad de Ciencias Agrarias de Balcarce y la Sociedad Argentina de Apicultores. Mat\u00edas Acosta Klees, productor ap\u00edcola ganador del primer premio, dialog\u00f3 con Chaco TV sobre el concurso.<br \/>\nEl productor expres\u00f3 que se trata de un evento que \u201cpremia la calidad integral de la miel\u201d, a diferencia de otras competencias. \u201cGarantiza que el producto que llega al consumidor es de excelente calidad\u201d, agreg\u00f3 Acosta Klees, y explic\u00f3: \u201cEn estos concursos no se premia solo por degustaci\u00f3n del producto, sino que el producto pasa por muchos an\u00e1lisis\u201d. En ese sentido, explic\u00f3 que los productos durante la competencia pasan por an\u00e1lisis f\u00edsicos, qu\u00edmicos y pol\u00ednicos.<br \/>\nSobre las caracter\u00edsticas que posee la miel \u201cTesoro del Monte\u201d, una marca registrada desde hace tres a\u00f1os, explic\u00f3 que se trata de \u201cuna miel oscura del monte nativo\u201d de la provincia del Chaco. \u201cLa caracter\u00edstica es su color, su sabor y aroma intenso, distinta a mieles claras o monoflorales de otra zona. Se diferencia m\u00e1s que nada en el color\u201d, detall\u00f3 Acosta Klees, y a\u00f1adi\u00f3: \u201cLo que le da ese color caracter\u00edstico a nuestra miel es el n\u00e9ctar de la flor del quebracho colorado\u201d.<br \/>\n\u201cEs muy importante para la provincia, ya es el segundo primer primero que se lleva \u2018Tesoro del Monte\u2019 y es una felicidad inmensa\u201d, expres\u00f3 el productor que tambi\u00e9n hab\u00eda ganado el primer premio en el 23\u00b0 Concurso Internacional de Mieles Multiflorales que se realiz\u00f3 en Maci\u00e1 (Entre R\u00edos) en el mes de marzo. \u201cEs un premio al esfuerzo f\u00edsico que se hace muy dif\u00edcil en esta zona sobre todo por las condiciones clim\u00e1ticas y econ\u00f3micas. Los dos son premios muy importantes. La verdad que no es poca cosa y es un trabajo que venimos hace seis a\u00f1os trabajando\u201d, concluy\u00f3.<\/p>\n","protected":false},"excerpt":{"rendered":"<p>El evento se llev\u00f3 a cabo en la provincia de Buenos Aires y cont\u00f3 con la participaci\u00f3n de 29 apicultores de nueve provincias. En el marco de la ExpoMiel Azul 2023, la miel chaque\u00f1a \u201cTesoro del Monte\u201d se llev\u00f3 el primer premio en una competencia que cont\u00f3 con la participaci\u00f3n de 29 apicultores de nueve [&hellip;]<\/p>\n","protected":false},"author":1,"featured_media":22519,"comment_status":"closed","ping_status":"closed","sticky":false,"template":"","format":"standard","meta":{"footnotes":""},"categories":[6],"tags":[],"class_list":{"0":"post-22518","1":"post","2":"type-post","3":"status-publish","4":"format-standard","5":"has-post-thumbnail","7":"category-chaco"},"_links":{"self":[{"href":"https:\/\/chacosintesis.com.ar\/index.php\/wp-json\/wp\/v2\/posts\/22518","targetHints":{"allow":["GET"]}}],"collection":[{"href":"https:\/\/chacosintesis.com.ar\/index.php\/wp-json\/wp\/v2\/posts"}],"about":[{"href":"https:\/\/chacosintesis.com.ar\/index.php\/wp-json\/wp\/v2\/types\/post"}],"author":[{"embeddable":true,"href":"https:\/\/chacosintesis.com.ar\/index.php\/wp-json\/wp\/v2\/users\/1"}],"replies":[{"embeddable":true,"href":"https:\/\/chacosintesis.com.ar\/index.php\/wp-json\/wp\/v2\/comments?post=22518"}],"version-history":[{"count":0,"href":"https:\/\/chacosintesis.com.ar\/index.php\/wp-json\/wp\/v2\/posts\/22518\/revisions"}],"wp:featuredmedia":[{"embeddable":true,"href":"https:\/\/chacosintesis.com.ar\/index.php\/wp-json\/wp\/v2\/media\/22519"}],"wp:attachment":[{"href":"https:\/\/chacosintesis.com.ar\/index.php\/wp-json\/wp\/v2\/media?parent=22518"}],"wp:term":[{"taxonomy":"category","embeddable":true,"href":"https:\/\/chacosintesis.com.ar\/index.php\/wp-json\/wp\/v2\/categories?post=22518"},{"taxonomy":"post_tag","embeddable":true,"href":"https:\/\/chacosintesis.com.ar\/index.php\/wp-json\/wp\/v2\/tags?post=22518"}],"curies":[{"name":"wp","href":"https:\/\/api.w.org\/{rel}","templated":true}]}}