{"id":22516,"date":"2023-06-06T16:27:38","date_gmt":"2023-06-06T19:27:38","guid":{"rendered":"https:\/\/chacosintesis.com.ar\/?p=22516"},"modified":"2023-06-06T16:36:47","modified_gmt":"2023-06-06T19:36:47","slug":"el-fondo-provincial-solidario-financiara-mas-de-60-proyectos-culturales","status":"publish","type":"post","link":"https:\/\/chacosintesis.com.ar\/index.php\/el-fondo-provincial-solidario-financiara-mas-de-60-proyectos-culturales\/","title":{"rendered":"El Fondo Provincial Solidario financiar\u00e1 m\u00e1s de 60 proyectos culturales"},"content":{"rendered":"<p>El Instituto de Cultura del Chaco comunic\u00f3 que fueron seleccionados 62 proyectos culturales de toda la provincia a trav\u00e9s del Fondo Provincial Solidario creado por medio de su Ley de Mecenazgo.<br \/>\nEsta convocatoria estuvo enmarcada en la Ley 1353-E Fomento de la Actividad Privada en Actividades Culturales que fortalece las econom\u00edas creativas locales y regionales a trav\u00e9s del financiamiento p\u00fablico.<br \/>\nSe presentaron m\u00e1s de 170 (ciento setenta) proyectos, de los cuales se seleccionaron un total de 61 (sesenta y uno) con fuerte impronta social y trabajo cultural comunitario, que ser\u00e1n financiados gracias al 10% del aporte de m\u00e1s de 70 mecenas durante el a\u00f1o 2022.<br \/>\nEn la actualidad, el Registro Provincial de Mecenazgo cuenta con m\u00e1s de 100 nuevos inscriptos en el Registro Provincial de Mecenazgo, lo que garantiza la accesibilidad a este tipo de convocatorias y la llegada de esta pol\u00edtica p\u00fablica a cada rinc\u00f3n de la provincia.<\/p>\n<p>N\u00f3mina de proyectos seleccionados<\/p>\n<p>Fern\u00e1ndez, Andrea Ver\u00f3nica con el proyecto \u201cCapacitaciones gratuitas en danzas del litoral\u201d (Fontana)<br \/>\nFern\u00e1ndez, Maximiliano con el proyecto \u201cNoche mulata\u201d (Resistencia)<br \/>\nRodr\u00edguez, Ricardo Daniel con el proyecto \u201c\u00danio acto II Edici\u00f3n\u201d (Resistencia)<br \/>\nC\u00f3rdoba, Yanina Grisel con el proyecto \u201cEspect\u00e1culo infantil\u201d (Resistencia)<br \/>\nSosa, Mario con el proyecto \u201cFestival Cultural y popular de la familia campesina\u201d (Las Garcitas)<br \/>\nVidarte, Carolina Sof\u00eda con el proyecto \u201cTercer encuentro de M\u00fasicos Independientes del Chaco\u201d (Resistencia)<br \/>\nAsociaci\u00f3n Civil Oportunidad de Cambio con el proyecto \u201cCrecer con cultura\u201d (Machagai)<br \/>\nAsociaci\u00f3n La F\u00e1brica Cultural con el proyecto \u201cEspacio infancia Bichos\u201d (Puerto Tirol)<br \/>\nL\u00f3pez, Melisa Grisel con el proyecto \u201cD\u00fao Melisa L\u00f3pez y Claudio Romero\u201d (Resistencia)<br \/>\nFern\u00e1ndez, Claudio Alfredo con el proyecto \u201cMacedonio Bar Cultural\u201d (Resistencia)<br \/>\nRam\u00edrez, ,Mar\u00eda Bel\u00e9n con el proyecto \u201cIn Org\u00e1nico\u201d (Colonia Ben\u00edtez)<br \/>\nGranada, Mar\u00eda Beatriz con el proyecto \u201cNchuwejh (Esp\u00edritu)\u201d (Fontana)<br \/>\nOjeda, Hugo Edgardo Nicol\u00e1s con el proyecto \u201cResonancia\u201d (Barranqueras)<br \/>\nBuccafusca, Vanina Soledad con el proyecto \u201cCiclo de talleres de m\u00fasica\u201d (La Leonesa)<br \/>\nSzlapak, Sonia Alejandra con el proyecto \u201c3er Encuentro de Muralismo El N\u00e9ctar para vivir\u201d (Juan Jos\u00e9 Castelli)<br \/>\nValenta, Yamila Evelin con el proyecto \u201cCiclo de Talleres de Teatro\u201d (La Tigra)<br \/>\nGusberti, Jimena Ver\u00f3nica con el proyecto \u201cPodcast de literatura infantil\u201d (Resistencia)<br \/>\nFrancou, Ayel\u00e9n con el proyecto \u201cCongreso de Folklore\u201d Resistencia<br \/>\nContreras, Juan Carlos con el proyecto \u201cAdaptaci\u00f3n de documental Nviqu\u00e9\u201d (Resistencia)<br \/>\nAsociaci\u00f3n Civil La M\u00e1scara Teatro con el proyecto \u201cTalleres culturales\u201d (Resistencia)<br \/>\nKonecny, Alejandro Daniel con el proyecto \u201cCreen y crean: Ellxs allanaron el camino\u201d (Villa Berthet)<br \/>\nGalarza, Ana Mar\u00eda con el proyecto \u201cTe muestro otro Chaco\u201d (Resistencia)<br \/>\nVera, Hugo Javier con el proyecto \u201cDocumental sobre Historias del Chaco\u201d (Resistencia)<br \/>\nFundaci\u00f3n Acompa\u00f1arte con el proyecto \u201cFeria Qom Demenaxan\u2019 Na Lo\u2019onataqpi\u201d (Resistencia)<br \/>\nGarc\u00eda, Lucas Manuel con el proyecto \u201cExplorando el borde\u201d (Resistencia)<br \/>\nBacs, Mart\u00edn con el proyecto \u201cMejora de espacio expositivo del Museo\u201d (Resistencia)<br \/>\nJaroslavsky, Mariana con el proyecto \u201cInmediata Festival Internacional de Videodanza 3\u00aa Edici\u00f3n\u201d (Resistencia)<br \/>\nVlanchoff, Romina Evelin con el proyecto \u201cEl viejo y el campo\u201d (La Clotilde)<br \/>\nCampos, Carlos Gustavo con el proyecto \u201cEncender la risa\u201d (Fontana)<br \/>\nFundaci\u00f3n Siempre So\u00f1ar con el proyecto \u201cArtesan\u00edas en vidrio\u201d (Colonia Elisa)<br \/>\nCenzi, Germ\u00e1n Alberto con el proyecto \u201cMural colectivo\u201d(Resistencia)<br \/>\nAlegre, Mabel con el proyecto \u201cTalleres\u201d (Machagai)<br \/>\nEscobar, Lorena Elixabeth con el proyecto \u201cTaller artesanal asociativo y urbano en ferias\u201d (Resistencia)<br \/>\nCoutinho Balzante, Carmen Teresita con el proyecto \u201cAMUCHAR (arte y oficios para la inclusi\u00f3n) (Resistencia)<br \/>\nGonz\u00e1lez, Noelia Soledad con el proyecto \u201cTalleres de alfarer\u00eda ancestral qom y de cester\u00eda ancestral qom\u201d (Resistencia)<br \/>\nChara, J\u00e9ssica Estefan\u00eda con el proyecto \u201cJ\u00f3venes trazos (Le\u2019enaqtac na nsoxppi (Resistencia)<br \/>\nMorales, Susana, Marta con el proyecto \u201cDescubriendo el arte de la alfarer\u00eda ind\u00edgena en San Bernardo\u201d (San Bernardo)<br \/>\nCeccoli, Noem\u00ed Nuria con el proyecto \u201cSintiendo a\u00fan\u201d (S\u00e1enz Pe\u00f1a)<br \/>\nDiaz, Rocio Marisol con el proyecto \u201cmural\u201d ( S\u00e1enz Pe\u00f1a)<br \/>\nSotelo, Mar\u00eda Julia con el proyecto \u201cJuventudes de la plaza\u201d (S\u00e1enz Pe\u00f1a)<br \/>\nCancelarich, Leonardo Daniel con el proyecto \u201cEmancipar la alegr\u00eda popular\u201d (S\u00e1enz Pe\u00f1a)<br \/>\nSosa, Gabriel Hernan con el proyecto \u201cNuevos fuelles\u201d (Saenz Pe\u00f1a)<br \/>\nMancuello, Evelin Micaela con el proyecto \u201cMatria\u201d (S\u00e1enz Pe\u00f1a)<br \/>\nAlfonso, Martina Lorena con el proyecto \u201cLa verdad de la milanesa en 30\u201d (S\u00e1enz Pe\u00f1a)<br \/>\nFleitas, marcos ernesto con el proyecto \u201cbaldosas: una experiencia para estudiantes con memoria\u201d (S\u00e1enz Pe\u00f1a)<br \/>\nArrieta, Cecilia Noem\u00ed con el proyecto \u201cDerechos culturales conquistados en la historia reciente\u201d (S\u00e1enz Pe\u00f1a)<br \/>\nS\u00e1nchez, Sebasti\u00e1n Diego con el proyecto \u201cTango en la memoria\u201d (S\u00e1enz Pe\u00f1a)<br \/>\nFundaci\u00f3n Cultura Y Tradici\u00f3n con el proyecto \u201cCrearte mundos 2\u201d (Margarita Bel\u00e9n)<br \/>\nKura, Manuela con el proyecto \u201cCrear y jugar en familia\u201d (Puerto. Tirol)<br \/>\nSouilhe Paula con el proyecto \u201cSobreviviente s de la dictadura\u201d (Resistencia<br \/>\nPedemonte, Hernando Jos\u00e9 con el proyecto \u201cConcierto did\u00e1ctico\u201d (Barranqueras)<br \/>\nRolaiser Kevin Leonardo, con el proyecto \u201cEn comuni\u00f3n con el monte\u201d (Juan Jos\u00e9 Castelli)<br \/>\nFalc\u00f3n, Hern\u00e1n Sergio con el proyecto \u201cEl mural\u201d (Resistencia)<br \/>\nOrrilla, Mar\u00eda Alejandra con el proyecto So\u2019onaxac, cantamos (Fontana)<br \/>\nRomero, Luis Roberto con el proyecto \u201cArtesan\u00eda\u201d (Resistencia)<br \/>\nVillavicencio, Jonathan con el proyecto \u201cConstruyendo lazos culturales \u201d (Los Frentones)<br \/>\nFundaci\u00f3n Empoderando Familias-Cambiando Vidas con el proyecto \u201cRompemos barreras al expresarnos\u201d (Juan Jos\u00e9 Castelli)<br \/>\nGatti, Claudia Mariela con el proyecto \u201cTalleres culturales\u201d (Puerto Vilelas)<br \/>\nCa\u00f1ete, Gustavo Ariel con el proyecto \u201cA orillitas del Paran\u00e1\u201d (Barranqueras)<br \/>\nMiceli, Gianfranco con el proyecto \u201cRecital de bandas musicales inclusivas\u201d (Resistencia)<br \/>\nFundaci\u00f3n Chaco Cultural con el proyecto \u201c100% Chaco\u201d (Resistencia).<\/p>\n","protected":false},"excerpt":{"rendered":"<p>El Instituto de Cultura del Chaco comunic\u00f3 que fueron seleccionados 62 proyectos culturales de toda la provincia a trav\u00e9s del Fondo Provincial Solidario creado por medio de su Ley de Mecenazgo. Esta convocatoria estuvo enmarcada en la Ley 1353-E Fomento de la Actividad Privada en Actividades Culturales que fortalece las econom\u00edas creativas locales y regionales [&hellip;]<\/p>\n","protected":false},"author":1,"featured_media":22517,"comment_status":"closed","ping_status":"closed","sticky":false,"template":"","format":"standard","meta":{"footnotes":""},"categories":[6],"tags":[],"class_list":{"0":"post-22516","1":"post","2":"type-post","3":"status-publish","4":"format-standard","5":"has-post-thumbnail","7":"category-chaco"},"_links":{"self":[{"href":"https:\/\/chacosintesis.com.ar\/index.php\/wp-json\/wp\/v2\/posts\/22516","targetHints":{"allow":["GET"]}}],"collection":[{"href":"https:\/\/chacosintesis.com.ar\/index.php\/wp-json\/wp\/v2\/posts"}],"about":[{"href":"https:\/\/chacosintesis.com.ar\/index.php\/wp-json\/wp\/v2\/types\/post"}],"author":[{"embeddable":true,"href":"https:\/\/chacosintesis.com.ar\/index.php\/wp-json\/wp\/v2\/users\/1"}],"replies":[{"embeddable":true,"href":"https:\/\/chacosintesis.com.ar\/index.php\/wp-json\/wp\/v2\/comments?post=22516"}],"version-history":[{"count":0,"href":"https:\/\/chacosintesis.com.ar\/index.php\/wp-json\/wp\/v2\/posts\/22516\/revisions"}],"wp:featuredmedia":[{"embeddable":true,"href":"https:\/\/chacosintesis.com.ar\/index.php\/wp-json\/wp\/v2\/media\/22517"}],"wp:attachment":[{"href":"https:\/\/chacosintesis.com.ar\/index.php\/wp-json\/wp\/v2\/media?parent=22516"}],"wp:term":[{"taxonomy":"category","embeddable":true,"href":"https:\/\/chacosintesis.com.ar\/index.php\/wp-json\/wp\/v2\/categories?post=22516"},{"taxonomy":"post_tag","embeddable":true,"href":"https:\/\/chacosintesis.com.ar\/index.php\/wp-json\/wp\/v2\/tags?post=22516"}],"curies":[{"name":"wp","href":"https:\/\/api.w.org\/{rel}","templated":true}]}}