{"id":22494,"date":"2023-06-06T15:57:42","date_gmt":"2023-06-06T18:57:42","guid":{"rendered":"https:\/\/chacosintesis.com.ar\/?p=22494"},"modified":"2023-06-06T16:07:07","modified_gmt":"2023-06-06T19:07:07","slug":"construiran-un-escenario-y-obras-complementarias-en-el-predio-de-la-fiesta-del-inmigrante-en-las-brenas","status":"publish","type":"post","link":"https:\/\/chacosintesis.com.ar\/index.php\/construiran-un-escenario-y-obras-complementarias-en-el-predio-de-la-fiesta-del-inmigrante-en-las-brenas\/","title":{"rendered":"Construir\u00e1n un escenario y obras complementarias en el predio de la Fiesta del Inmigrante en Las Bre\u00f1as"},"content":{"rendered":"<p>El Directorio de Loter\u00eda Chaque\u00f1a anunci\u00f3 un importante aporte que permitir\u00e1 concretar la construcci\u00f3n de un escenario y obras complementarias en el predio de la Fiesta Provincial del Inmigrante de Las Bre\u00f1as.<br \/>\n\u201cEl apoyo a la cultura es una de las premisas de esta gesti\u00f3n que lidera el gobernador Jorge Capitanich\u201d, remarc\u00f3 el presidente de Loter\u00eda Chaque\u00f1a, Gabriel Lemos tras firmar el acuerdo marco junto a la titular de la Asociaci\u00f3n Permanente de la \u201cFiesta del Inmigrante\u201d de Las Bre\u00f1as, Silvana Medina Laola.<br \/>\nEl convenio establece la construcci\u00f3n de un nuevo escenario, camarines y n\u00facleos sanitarios en el predio ferial ubicado sobre Ruta Nacional 89, en el acceso principal a Las Bre\u00f1as.<br \/>\nEste aporte ser\u00e1 un gran aporte para este predio de dos hect\u00e1reas que adem\u00e1s del anfiteatro cuenta con un \u00e1rea de exposiciones, zona de confiter\u00edas, calles internas, espacios verdes, kart\u00f3dromo y camping.<br \/>\nLa Fiesta del Inmigrante es una de las festividades m\u00e1s importantes de la provincia, ya que cuenta con la participaci\u00f3n activa de las colectividades alemanas, b\u00falgaras, eslovacas, checas, espa\u00f1olas, italianas y ucranianas, entre otras. Este a\u00f1o, se llevar\u00e1 a cabo el 10, 11 y 12 de noviembre.<\/p>\n","protected":false},"excerpt":{"rendered":"<p>El Directorio de Loter\u00eda Chaque\u00f1a anunci\u00f3 un importante aporte que permitir\u00e1 concretar la construcci\u00f3n de un escenario y obras complementarias en el predio de la Fiesta Provincial del Inmigrante de Las Bre\u00f1as. \u201cEl apoyo a la cultura es una de las premisas de esta gesti\u00f3n que lidera el gobernador Jorge Capitanich\u201d, remarc\u00f3 el presidente de [&hellip;]<\/p>\n","protected":false},"author":1,"featured_media":22495,"comment_status":"closed","ping_status":"closed","sticky":false,"template":"","format":"standard","meta":{"footnotes":""},"categories":[6],"tags":[],"class_list":{"0":"post-22494","1":"post","2":"type-post","3":"status-publish","4":"format-standard","5":"has-post-thumbnail","7":"category-chaco"},"_links":{"self":[{"href":"https:\/\/chacosintesis.com.ar\/index.php\/wp-json\/wp\/v2\/posts\/22494","targetHints":{"allow":["GET"]}}],"collection":[{"href":"https:\/\/chacosintesis.com.ar\/index.php\/wp-json\/wp\/v2\/posts"}],"about":[{"href":"https:\/\/chacosintesis.com.ar\/index.php\/wp-json\/wp\/v2\/types\/post"}],"author":[{"embeddable":true,"href":"https:\/\/chacosintesis.com.ar\/index.php\/wp-json\/wp\/v2\/users\/1"}],"replies":[{"embeddable":true,"href":"https:\/\/chacosintesis.com.ar\/index.php\/wp-json\/wp\/v2\/comments?post=22494"}],"version-history":[{"count":0,"href":"https:\/\/chacosintesis.com.ar\/index.php\/wp-json\/wp\/v2\/posts\/22494\/revisions"}],"wp:featuredmedia":[{"embeddable":true,"href":"https:\/\/chacosintesis.com.ar\/index.php\/wp-json\/wp\/v2\/media\/22495"}],"wp:attachment":[{"href":"https:\/\/chacosintesis.com.ar\/index.php\/wp-json\/wp\/v2\/media?parent=22494"}],"wp:term":[{"taxonomy":"category","embeddable":true,"href":"https:\/\/chacosintesis.com.ar\/index.php\/wp-json\/wp\/v2\/categories?post=22494"},{"taxonomy":"post_tag","embeddable":true,"href":"https:\/\/chacosintesis.com.ar\/index.php\/wp-json\/wp\/v2\/tags?post=22494"}],"curies":[{"name":"wp","href":"https:\/\/api.w.org\/{rel}","templated":true}]}}