{"id":22492,"date":"2023-06-06T15:56:11","date_gmt":"2023-06-06T18:56:11","guid":{"rendered":"https:\/\/chacosintesis.com.ar\/?p=22492"},"modified":"2023-06-06T16:07:06","modified_gmt":"2023-06-06T19:07:06","slug":"se-presentara-un-proyecto-para-la-creacion-de-una-nueva-reserva-natural-cultural","status":"publish","type":"post","link":"https:\/\/chacosintesis.com.ar\/index.php\/se-presentara-un-proyecto-para-la-creacion-de-una-nueva-reserva-natural-cultural\/","title":{"rendered":"Se presentar\u00e1 un proyecto para la creaci\u00f3n de una nueva Reserva Natural Cultural"},"content":{"rendered":"<p>La conferencia de prensa se realizar\u00e1 en el Parque de la Democracia de Resistencia y contar\u00e1 con la presencia de autoridades provinciales.<br \/>\nHoy a las 17 en el Parque de la Democracia de Resistencia se presentar\u00e1 el proyecto para la creaci\u00f3n de una nueva Reserva Natural Cultural en los Humedales Chaque\u00f1os. Se trata de un \u00e1rea protegida de 1024 hect\u00e1reas que se ubica al sur de la ciudad de Resistencia y que conformar\u00e1 la primera reserva natural provincial de la gesti\u00f3n del gobernador Jorge Capitanich.<br \/>\nActualmente, el Sistema Provincial de \u00c1reas Naturales Protegidas (SPANP) est\u00e1 conformado por 13 \u00c1reas Protegidas bajo diferentes categor\u00edas de conservaci\u00f3n (seg\u00fan Ley 896-R, Parque Natural, Reserva de Recursos, Reserva Natural Cultural y Educativa, Reserva de Uso M\u00faltiple) y esquemas de administraci\u00f3n municipal, provincial, mixta (provincial-privada, municipal-provincial) y nacional. La superficie total de \u00e1reas protegidas es de 464.249 hect\u00e1reas, lo que representa el 4.7 % de la superficie provincial. A ello se le suman las 120.000 hect\u00e1reas del Parque Nacional El Impenetrable y las 5.600 del recientemente creado Parque Nacional Laguna El Palmar.<br \/>\nEsta nueva \u00e1rea protegida de 1024 hect\u00e1reas se encuentra enclavada en pleno sitio Ramsar \u201cHumedales Chaco\u201d, una franja de 508.000 hect\u00e1reas que va desde la Ruta Nacional 11 hasta los r\u00edos Paran\u00e1 y Paraguay, desde el l\u00edmite provincial con Santa Fe hasta el l\u00edmite provincial con Formosa. Este sitio es de especial valor de conservaci\u00f3n por los servicios ecosist\u00e9micos que prestan los humedales del valle de inundaci\u00f3n Paran\u00e1-Paraguay, y es donde la Subsecretar\u00eda de Ambiente y Biodiversidad desarroll\u00f3 el primer inventario provincial de humedales, identific\u00e1ndose 19 unidades de paisaje de humedal distintas.<br \/>\nDentro de las categor\u00edas previstas por la ley, se opt\u00f3 por conformar esta nueva \u00e1rea bajo la clasificaci\u00f3n de Reserva Natural Cultural, reservada para zonas naturales o modificadas que presenten panoramas atractivos aprovechados por el hombre para esparcimiento o turismo, o aquellos paisajes que, por ser el resultado de la interacci\u00f3n del hombre y la naturaleza, reflejan manifestaciones culturales espec\u00edficas.<br \/>\nEsta nueva \u00e1rea protegida alberga una biodiversidad variada t\u00edpica de la ecorregi\u00f3n del Chaco h\u00famedo, con mam\u00edferos, aves, reptiles y peces distribuidos en ambientes de humedal, palmar, bosque y pastizal. Dentro de la Reserva, est\u00e1 prevista a futuro la construcci\u00f3n del Centro de Rescate y Rehabilitaci\u00f3n de Fauna Silvestre del Chaco. La nueva reserva buscar\u00e1 ser un importante atractivo tur\u00edstico, natural y cultural en el Departamento San Fernando, generando oportunidades para el desarrollo comunitario de las comunidades aleda\u00f1as.<br \/>\nLa conferencia contar\u00e1 con la presencia de la vicegobernadora, Anal\u00eda Rach Quiroga; la ministra de Ambiente y Desarrollo Territorial, Marta Soneira; el subsecretario de Ambiente y Biodiversidad, Tom\u00e1s Camarasa; y el director de \u00c1reas Protegidas y Biodiversidad, Edgardo Wiltchiensky.<\/p>\n","protected":false},"excerpt":{"rendered":"<p>La conferencia de prensa se realizar\u00e1 en el Parque de la Democracia de Resistencia y contar\u00e1 con la presencia de autoridades provinciales. Hoy a las 17 en el Parque de la Democracia de Resistencia se presentar\u00e1 el proyecto para la creaci\u00f3n de una nueva Reserva Natural Cultural en los Humedales Chaque\u00f1os. Se trata de un [&hellip;]<\/p>\n","protected":false},"author":1,"featured_media":22493,"comment_status":"closed","ping_status":"closed","sticky":false,"template":"","format":"standard","meta":{"footnotes":""},"categories":[6],"tags":[],"class_list":{"0":"post-22492","1":"post","2":"type-post","3":"status-publish","4":"format-standard","5":"has-post-thumbnail","7":"category-chaco"},"_links":{"self":[{"href":"https:\/\/chacosintesis.com.ar\/index.php\/wp-json\/wp\/v2\/posts\/22492","targetHints":{"allow":["GET"]}}],"collection":[{"href":"https:\/\/chacosintesis.com.ar\/index.php\/wp-json\/wp\/v2\/posts"}],"about":[{"href":"https:\/\/chacosintesis.com.ar\/index.php\/wp-json\/wp\/v2\/types\/post"}],"author":[{"embeddable":true,"href":"https:\/\/chacosintesis.com.ar\/index.php\/wp-json\/wp\/v2\/users\/1"}],"replies":[{"embeddable":true,"href":"https:\/\/chacosintesis.com.ar\/index.php\/wp-json\/wp\/v2\/comments?post=22492"}],"version-history":[{"count":0,"href":"https:\/\/chacosintesis.com.ar\/index.php\/wp-json\/wp\/v2\/posts\/22492\/revisions"}],"wp:featuredmedia":[{"embeddable":true,"href":"https:\/\/chacosintesis.com.ar\/index.php\/wp-json\/wp\/v2\/media\/22493"}],"wp:attachment":[{"href":"https:\/\/chacosintesis.com.ar\/index.php\/wp-json\/wp\/v2\/media?parent=22492"}],"wp:term":[{"taxonomy":"category","embeddable":true,"href":"https:\/\/chacosintesis.com.ar\/index.php\/wp-json\/wp\/v2\/categories?post=22492"},{"taxonomy":"post_tag","embeddable":true,"href":"https:\/\/chacosintesis.com.ar\/index.php\/wp-json\/wp\/v2\/tags?post=22492"}],"curies":[{"name":"wp","href":"https:\/\/api.w.org\/{rel}","templated":true}]}}