{"id":22490,"date":"2023-06-06T15:54:20","date_gmt":"2023-06-06T18:54:20","guid":{"rendered":"https:\/\/chacosintesis.com.ar\/?p=22490"},"modified":"2023-06-06T16:07:06","modified_gmt":"2023-06-06T19:07:06","slug":"agenda-de-actividades-en-toda-la-provincia-por-el-mes-del-ambiente","status":"publish","type":"post","link":"https:\/\/chacosintesis.com.ar\/index.php\/agenda-de-actividades-en-toda-la-provincia-por-el-mes-del-ambiente\/","title":{"rendered":"Agenda de actividades en toda la provincia por el mes del ambiente"},"content":{"rendered":"<p>Las actividades, que se extienden durante todo el mes, concluyen el 30 de junio con el \u201cD\u00eda Internacional de los asteroides\u201d en la Reserva Provincial Campo del Cielo y el lanzamiento de la Estrategia Provincial de Educaci\u00f3n Ambiental Integral.<br \/>\nEl Ministerio de Ambiente y Desarrollo Territorial Sostenible conmemora el Mes del Ambiente con una agenda de actividades en toda la provincia tendientes a concientizar sobre el cuidado y preservaci\u00f3n del ambiente y la importancia de construir una cultura ambiental intercultural para un Chaco Sostenible con todas las comunidades. \u201cEs momento de ampliar la mirada en la articulaci\u00f3n del territorio con el ambiente, el h\u00e1bitat y la importancia del cuidado de nuestra casa com\u00fan, que es el planeta Tierra&#8221;, remarc\u00f3 la ministra de Ambiente y Desarrollo Territorial Sostenible, Marta Soneira. La cartera ambiental invit\u00f3 e invita a municipios, instituciones, ONGs socio-ambientales, voluntariados ambientales y organizaciones de productores a participar activamente de la agenda del Mes del Ambiente que inici\u00f3 el 3 de junio con una jornada de intervenci\u00f3n comunitaria junto voluntarios en el Merendero Piecitos Mojados. En tanto el 5 de junio, D\u00eda Mundial del Ambiente, la vicegobernadora Anal\u00eda Rach Quiroga junto a la ministra Marta Soneira y el subsecretario Tom\u00e1s Camarasa participaron de una charla de gesti\u00f3n integral de residuos s\u00f3lidos y diferenciaci\u00f3n de residuos destinada a las y los peque\u00f1os alumnos del Jard\u00edn de Infantes Dulces Sonrisas. Adem\u00e1s se pintaron los monumentos e hicieron entrega de 5 kits de plantaci\u00f3n, plantines, tierra de abono y especies arom\u00e1ticas junto a autoridades, alumnos y alumnas del lugar. \u201cEstos tipos de actividades buscan generar conciencia ambiental en ni\u00f1os y ni\u00f1as mediante el entendimiento y la comprensi\u00f3n del impacto del ser humano sobre el entorno ambiental y los elementos naturales\u201d, destac\u00f3 Soneira.<br \/>\n Saneamiento Ambiental<br \/>\nAdem\u00e1s se lanz\u00f3 la Campa\u00f1a de erradicaci\u00f3n de microbasurales en Resistencia, que consiste en recolecci\u00f3n de residuos de poda y residuos s\u00f3lidos domiciliarios ubicados en la esquina de las calles Cataratas del Iguaz\u00fa y Lestani del barrio Barber\u00e1n en el Gran Resistencia. La limpieza se realiz\u00f3 en articulaci\u00f3n con el Equipo H\u00e1bitat perteneciente al Ministerio de Ambiente y Desarrollo Territorial Sostenible y la organizaci\u00f3n de la sociedad civil Fundaci\u00f3n Dignidad y Grandeza Social, bajo la coordinaci\u00f3n de la Subsecretar\u00eda de Ambiente. Asimismo. Se puso en marcha el Programa de Recuperadores Urbanos, mediante la recolecci\u00f3n y acopio de material reciclable proveniente de residuos domiciliarios por parte de la misma organizaci\u00f3n de la sociedad civil. \u201cDesde el Ministerio celebramos el derecho fundamental de todas las personas a la libertad y a la igualdad en un ambiente cuya calidad permita vivir con dignidad y bienestar\u201d, resalt\u00f3 la ministra.<br \/>\nChaco H\u00famedo<br \/>\nEl subsecretario de Ambiente y Biodiversidad Tom\u00e1s Camarasa visit\u00f3 la Reserva Natural Los Chaguares donde se dej\u00f3 inaugurada la estaci\u00f3n biol\u00f3gica y laboratorio de la Reserva. \u201cEste espacio permitir\u00e1 fortalecer los estudios de biodiversidad en el Chaco H\u00famedo, evaluar los cambios en los par\u00e1metros clim\u00e1ticos que modelan procesos biol\u00f3gicos y afianzar los trabajos en red con otras instituciones y \u00e1reas protegidas\u201d, explic\u00f3.<\/p>\n<p>Actividades en toda la provincia<\/p>\n<p>Este martes, a las 13, se presentar\u00e1 la Gu\u00eda de Monumentos Naturales y Taller de Arbolado Urbano Sostenible en la escuela Cacique Pelayo en Fontana. En Castelli, de 8 a 15 se desarrollar\u00e1 el Foro de Gastronom\u00eda Chaque\u00f1a, y a las 17 horas habr\u00e1 una conferencia de prensa sobre una \u201cPropuesta de creaci\u00f3n de una nueva \u00e1rea protegida en el Chaco\u201d. El mi\u00e9rcoles, de 8 a 15, se realizar\u00e1 el Foro de Gastronom\u00eda Chaque\u00f1a en la Reserva Provincial Campo del Cielo; mientras que en el Sal\u00f3n de Convenciones Gala, de 8 a 17, se desarrollar\u00e1n Conversatorios sobre biodiversidad chaque\u00f1a y econom\u00eda circular. Adem\u00e1s, en la entrada de Casa de Gobierno, de 8 a 12 y de 17 19 se realizar\u00e1 la Jornada de recepci\u00f3n de RAEEs inform\u00e1ticos. El jueves 8 se realizar\u00e1 un Taller comunitario para la implementaci\u00f3n del Plan de Gesti\u00f3n Integral e Inclusiva de Residuos S\u00f3lidos Urbanos (RSU): La Eduvigis (8 horas), Las Palmas (15 horas) y La Verde (19 horas). Tambi\u00e9n habr\u00e1 un Foro de Gastronom\u00eda Chaque\u00f1a, de 8 a 15, en Las Palmas. El viernes y s\u00e1bado, de 9 a 22, se realizar\u00e1 en la plaza Espa\u00f1a de Resistencia una Expo Verde. En tanto que el s\u00e1bado y domingo ser\u00e1 el Primer Campamento SAVIA \u201cCultura y Ambiente\u201d en el Parque Nacional Laguna El Palmar junto al Instituto de Cultura y Parques Nacionales. El lunes 12 se lanzar\u00e1 el concurso de fotograf\u00eda de Naturaleza Chaque\u00f1a. El 13 se presentar\u00e1 el Programa de Fortalecimiento de Pol\u00edticas Ambientales Municipales. Luego el 15 se realizar\u00e1 una jornada bajo el lema \u201cAmbiente Chaco: El pueblo toma la palabra (Radio Abierta). Adem\u00e1s habr\u00e1 charlas informativas sobre la Ley Yolanda y la Ley de Educaci\u00f3n Ambiental Integral. El 16 se llevar\u00e1 adelante la presentaci\u00f3n del programa Gestores Ambientales del Buen Vivir. En tanto que el 19 se presentar\u00e1 el Primer Digesto Ambiental del Chaco; y el 22 ser\u00e1 el turno del Taller sobre cultura ancestral QOM del cuidado del ambiente \u201cMujeres de la Tierra\u201d (Fundaci\u00f3n V\u00ednculos). El 24 tambi\u00e9n se realizar\u00e1 el Taller sobre cultura ancestral QOM del cuidado del ambiente \u201cMujeres de la Tierra\u201d (Fundaci\u00f3n Somos Barro). El Mes del Ambiente el 30 de junio se conmemorar\u00e1 el \u201cD\u00eda Internacional de los asteroides\u201d en la Reserva Provincial Campo del Cielo. Adem\u00e1s, como cierre de la amplia agenda de actividades en toda la provincia, se lanzar\u00e1 la Estrategia Provincial de Educaci\u00f3n Ambiental Integral, a realizarse en el Sal\u00f3n Obligado, a las 8.30.<\/p>\n","protected":false},"excerpt":{"rendered":"<p>Las actividades, que se extienden durante todo el mes, concluyen el 30 de junio con el \u201cD\u00eda Internacional de los asteroides\u201d en la Reserva Provincial Campo del Cielo y el lanzamiento de la Estrategia Provincial de Educaci\u00f3n Ambiental Integral. El Ministerio de Ambiente y Desarrollo Territorial Sostenible conmemora el Mes del Ambiente con una agenda [&hellip;]<\/p>\n","protected":false},"author":1,"featured_media":22491,"comment_status":"closed","ping_status":"closed","sticky":false,"template":"","format":"standard","meta":{"footnotes":""},"categories":[6],"tags":[],"class_list":{"0":"post-22490","1":"post","2":"type-post","3":"status-publish","4":"format-standard","5":"has-post-thumbnail","7":"category-chaco"},"_links":{"self":[{"href":"https:\/\/chacosintesis.com.ar\/index.php\/wp-json\/wp\/v2\/posts\/22490","targetHints":{"allow":["GET"]}}],"collection":[{"href":"https:\/\/chacosintesis.com.ar\/index.php\/wp-json\/wp\/v2\/posts"}],"about":[{"href":"https:\/\/chacosintesis.com.ar\/index.php\/wp-json\/wp\/v2\/types\/post"}],"author":[{"embeddable":true,"href":"https:\/\/chacosintesis.com.ar\/index.php\/wp-json\/wp\/v2\/users\/1"}],"replies":[{"embeddable":true,"href":"https:\/\/chacosintesis.com.ar\/index.php\/wp-json\/wp\/v2\/comments?post=22490"}],"version-history":[{"count":0,"href":"https:\/\/chacosintesis.com.ar\/index.php\/wp-json\/wp\/v2\/posts\/22490\/revisions"}],"wp:featuredmedia":[{"embeddable":true,"href":"https:\/\/chacosintesis.com.ar\/index.php\/wp-json\/wp\/v2\/media\/22491"}],"wp:attachment":[{"href":"https:\/\/chacosintesis.com.ar\/index.php\/wp-json\/wp\/v2\/media?parent=22490"}],"wp:term":[{"taxonomy":"category","embeddable":true,"href":"https:\/\/chacosintesis.com.ar\/index.php\/wp-json\/wp\/v2\/categories?post=22490"},{"taxonomy":"post_tag","embeddable":true,"href":"https:\/\/chacosintesis.com.ar\/index.php\/wp-json\/wp\/v2\/tags?post=22490"}],"curies":[{"name":"wp","href":"https:\/\/api.w.org\/{rel}","templated":true}]}}