{"id":22483,"date":"2023-06-05T19:49:00","date_gmt":"2023-06-05T22:49:00","guid":{"rendered":"https:\/\/chacosintesis.com.ar\/?p=22483"},"modified":"2023-06-06T11:10:11","modified_gmt":"2023-06-06T14:10:11","slug":"resistencia-activa-cuesta-destaco-el-evento-que-promueve-el-cuidado-de-los-espacios-verdes-de-la-ciudad","status":"publish","type":"post","link":"https:\/\/chacosintesis.com.ar\/index.php\/resistencia-activa-cuesta-destaco-el-evento-que-promueve-el-cuidado-de-los-espacios-verdes-de-la-ciudad\/","title":{"rendered":"Resistencia Activa: Cuesta destac\u00f3 el evento que promueve el cuidado de los espacios verdes de la ciudad"},"content":{"rendered":"\n<p>La candidata a intendenta de Resistencia por la lista 665 del Frente CER (Corriente de Expresi\u00f3n Renovada), Eli Cuesta, particip\u00f3 del evento Resistencia Activa que busca la concienciaci\u00f3n comunitaria para el cuidado de los espacios verdes p\u00fablicos desde la solidaridad y el disfrute de la familia, acompa\u00f1ada por la precandidata a presidenta del Concejo capitalino, Mar\u00eda Fernanda Prado, de la lista 665 D. Cuesta destac\u00f3 la jornada que incentiva a la comunidad a involucrarse en el cuidado del ambiente.<br>Junto a muchas familias que llegaron a disfrutar de la tarde, la tambi\u00e9n presidenta del Poder Legislativo destac\u00f3 el acontecimiento y se\u00f1al\u00f3 que \u201cforma parte de una serie de eventos que se est\u00e1n haciendo en distintos puntos de la ciudad, con la participaci\u00f3n de varios artistas locales que vienen a hacer su aporte, emprendedores que nos est\u00e1n acompa\u00f1ando, integrantes de la biblioteca municipal que acercaron sus libros, el equipo de educaci\u00f3n vial para las y los chicos y j\u00f3venes para que vivan una jornada de alegr\u00eda y distracci\u00f3n\u201d.<br>Cuesta remarc\u00f3, adem\u00e1s, que a partir de estos espacios las y los chicos conocen las maneras para cuidar el ambiente de sus barrios. \u201cNuestras ni\u00f1as y ni\u00f1os muchas veces nos ense\u00f1an que tenemos que tomar conciencia sobre c\u00f3mo actuamos frente a la naturaleza. Es por eso que consideramos que hay que replicar y profundizar estos eventos\u201d, agreg\u00f3 la candidata.<br>Por su parte, Fernanda Prado manifest\u00f3 que fue un trabajo en conjunto con la comunidad. \u201cNuestra idea es incentivar a las y los vecinos a cuidar nuestros espacios verdes, ya que sirven para todos nuestros ni\u00f1os y es la mejor manera que consideramos para que la comunidad se interese sobre estos temas, eso lo vamos a profundizar de llegar al Concejo de Resistencia\u201d, remarc\u00f3 la precandidata del CER<\/p>\n","protected":false},"excerpt":{"rendered":"<p>La candidata a intendenta de Resistencia por la lista 665 del Frente CER (Corriente de Expresi\u00f3n Renovada), Eli Cuesta, particip\u00f3 del evento Resistencia Activa que busca la concienciaci\u00f3n comunitaria para el cuidado de los espacios verdes p\u00fablicos desde la solidaridad y el disfrute de la familia, acompa\u00f1ada por la precandidata a presidenta del Concejo capitalino, [&hellip;]<\/p>\n","protected":false},"author":1,"featured_media":22484,"comment_status":"closed","ping_status":"closed","sticky":false,"template":"","format":"standard","meta":{"footnotes":""},"categories":[6],"tags":[202],"class_list":{"0":"post-22483","1":"post","2":"type-post","3":"status-publish","4":"format-standard","5":"has-post-thumbnail","7":"category-chaco","8":"tag-legislatura"},"_links":{"self":[{"href":"https:\/\/chacosintesis.com.ar\/index.php\/wp-json\/wp\/v2\/posts\/22483","targetHints":{"allow":["GET"]}}],"collection":[{"href":"https:\/\/chacosintesis.com.ar\/index.php\/wp-json\/wp\/v2\/posts"}],"about":[{"href":"https:\/\/chacosintesis.com.ar\/index.php\/wp-json\/wp\/v2\/types\/post"}],"author":[{"embeddable":true,"href":"https:\/\/chacosintesis.com.ar\/index.php\/wp-json\/wp\/v2\/users\/1"}],"replies":[{"embeddable":true,"href":"https:\/\/chacosintesis.com.ar\/index.php\/wp-json\/wp\/v2\/comments?post=22483"}],"version-history":[{"count":0,"href":"https:\/\/chacosintesis.com.ar\/index.php\/wp-json\/wp\/v2\/posts\/22483\/revisions"}],"wp:featuredmedia":[{"embeddable":true,"href":"https:\/\/chacosintesis.com.ar\/index.php\/wp-json\/wp\/v2\/media\/22484"}],"wp:attachment":[{"href":"https:\/\/chacosintesis.com.ar\/index.php\/wp-json\/wp\/v2\/media?parent=22483"}],"wp:term":[{"taxonomy":"category","embeddable":true,"href":"https:\/\/chacosintesis.com.ar\/index.php\/wp-json\/wp\/v2\/categories?post=22483"},{"taxonomy":"post_tag","embeddable":true,"href":"https:\/\/chacosintesis.com.ar\/index.php\/wp-json\/wp\/v2\/tags?post=22483"}],"curies":[{"name":"wp","href":"https:\/\/api.w.org\/{rel}","templated":true}]}}