{"id":22480,"date":"2023-06-05T11:16:00","date_gmt":"2023-06-05T14:16:00","guid":{"rendered":"https:\/\/chacosintesis.com.ar\/?p=22480"},"modified":"2023-06-06T11:08:38","modified_gmt":"2023-06-06T14:08:38","slug":"cuesta-llamo-a-sembrar-la-solidaridad-y-la-fe-en-su-visita-a-la-fundacion-payasonrisas","status":"publish","type":"post","link":"https:\/\/chacosintesis.com.ar\/index.php\/cuesta-llamo-a-sembrar-la-solidaridad-y-la-fe-en-su-visita-a-la-fundacion-payasonrisas\/","title":{"rendered":"Cuesta llam\u00f3 a sembrar la solidaridad y la fe en su visita a la fundaci\u00f3n Payasonrisas"},"content":{"rendered":"\n<p>La candidata a intendenta de Resistencia por la lista 665 del Frente CER (Corriente de Expresi\u00f3n Renovada), Eli Cuesta, visit\u00f3 la fundaci\u00f3n Payasonrisas, comparti\u00f3 ideas y destac\u00f3 el trabajo social que realizan en el lugar sustentado en la fe. \u201cNecesitamos recuperar los valores, sensibilizarnos con lo que le pasa al otro, fortalecernos en la fe y la esperanza de construir juntos una Resistencia mejor\u201d, manifest\u00f3 en la ocasi\u00f3n.<br>Asimismo, la candidata a jefa de la ciudad capitalina agradeci\u00f3 el cari\u00f1o y el respeto con los que fue recibida por los miembros de la fundaci\u00f3n. \u201cCompartimos una hermosa tarde en la cual nos pudimos conocer m\u00e1s con los miembros de esta instituci\u00f3n que realizan un gran trabajo social sustentado en una profunda fe en Dios\u201d, asegur\u00f3.<br>Por otra parte, Cuesta remarc\u00f3 que si le toca gobernar la ciudad su gesti\u00f3n pondr\u00e1 \u00e9nfasis en el bienestar de las familias y de las y los ni\u00f1os y abuelos. \u201cSabemos que las obras son importantes, pero en estos tiempos tan dif\u00edciles vamos a enfocarnos en que a nuestras y nuestros ni\u00f1os nos les falte nada, que las y los abuelos sean bien atendidos y que las familias tengan la posibilidad de progresar a trav\u00e9s del trabajo\u201d, asever\u00f3 la candidata del CER.<\/p>\n\n\n\n<p>Recorrer las calles llevando el amor Dios<br>El pastor y presidente de la fundaci\u00f3n Payasonrisas, C\u00e9sar Torres, agradeci\u00f3 la visita de Cuesta y pidi\u00f3 que este encuentro sea el punto de partida para trabajar en conjunto. \u201cNosotros hace cinco a\u00f1os llevamos el amor de Dios a las y los ni\u00f1os de cada barrio de Resistencia, por eso invitamos a Eli porque sabemos de su coraz\u00f3n solidario y de las ganas que tiene de transformar Resistencia. Ojal\u00e1 este sea el punto de partida para trabajar juntos por nuestro pueblo\u201d, finaliz\u00f3.<\/p>\n","protected":false},"excerpt":{"rendered":"<p>La candidata a intendenta de Resistencia por la lista 665 del Frente CER (Corriente de Expresi\u00f3n Renovada), Eli Cuesta, visit\u00f3 la fundaci\u00f3n Payasonrisas, comparti\u00f3 ideas y destac\u00f3 el trabajo social que realizan en el lugar sustentado en la fe. \u201cNecesitamos recuperar los valores, sensibilizarnos con lo que le pasa al otro, fortalecernos en la fe [&hellip;]<\/p>\n","protected":false},"author":1,"featured_media":22481,"comment_status":"closed","ping_status":"closed","sticky":false,"template":"","format":"standard","meta":{"footnotes":""},"categories":[6],"tags":[202],"class_list":{"0":"post-22480","1":"post","2":"type-post","3":"status-publish","4":"format-standard","5":"has-post-thumbnail","7":"category-chaco","8":"tag-legislatura"},"_links":{"self":[{"href":"https:\/\/chacosintesis.com.ar\/index.php\/wp-json\/wp\/v2\/posts\/22480","targetHints":{"allow":["GET"]}}],"collection":[{"href":"https:\/\/chacosintesis.com.ar\/index.php\/wp-json\/wp\/v2\/posts"}],"about":[{"href":"https:\/\/chacosintesis.com.ar\/index.php\/wp-json\/wp\/v2\/types\/post"}],"author":[{"embeddable":true,"href":"https:\/\/chacosintesis.com.ar\/index.php\/wp-json\/wp\/v2\/users\/1"}],"replies":[{"embeddable":true,"href":"https:\/\/chacosintesis.com.ar\/index.php\/wp-json\/wp\/v2\/comments?post=22480"}],"version-history":[{"count":0,"href":"https:\/\/chacosintesis.com.ar\/index.php\/wp-json\/wp\/v2\/posts\/22480\/revisions"}],"wp:featuredmedia":[{"embeddable":true,"href":"https:\/\/chacosintesis.com.ar\/index.php\/wp-json\/wp\/v2\/media\/22481"}],"wp:attachment":[{"href":"https:\/\/chacosintesis.com.ar\/index.php\/wp-json\/wp\/v2\/media?parent=22480"}],"wp:term":[{"taxonomy":"category","embeddable":true,"href":"https:\/\/chacosintesis.com.ar\/index.php\/wp-json\/wp\/v2\/categories?post=22480"},{"taxonomy":"post_tag","embeddable":true,"href":"https:\/\/chacosintesis.com.ar\/index.php\/wp-json\/wp\/v2\/tags?post=22480"}],"curies":[{"name":"wp","href":"https:\/\/api.w.org\/{rel}","templated":true}]}}