{"id":22478,"date":"2023-06-06T11:03:38","date_gmt":"2023-06-06T14:03:38","guid":{"rendered":"https:\/\/chacosintesis.com.ar\/?p=22478"},"modified":"2023-06-06T11:06:46","modified_gmt":"2023-06-06T14:06:46","slug":"en-el-dia-mundial-del-ambiente-comenzo-la-semana-verde-de-la-unne","status":"publish","type":"post","link":"https:\/\/chacosintesis.com.ar\/index.php\/en-el-dia-mundial-del-ambiente-comenzo-la-semana-verde-de-la-unne\/","title":{"rendered":"En el D\u00eda Mundial del Ambiente, comenz\u00f3 la Semana Verde de la UNNE"},"content":{"rendered":"<p>Este lunes, en coincidencia con el D\u00eda Mundial del Ambiente, comienza la \u201cSemana Verde\u201d que se organiza desde la Universidad Nacional del Nordeste para sumar a la conciencia y educaci\u00f3n ambiental de la comunidad. Hasta el 29 de junio habr\u00e1 clases y conferencias de grado y postgrado, jornadas, presentaci\u00f3n de libros, talleres, workshops de dise\u00f1o, cine, campa\u00f1as de educaci\u00f3n y clasificaci\u00f3n de residuos, sensibilizaci\u00f3n ambiental. Las distintas propuestas se realizar\u00e1n en Corrientes, Resistencia, el interior del Chaco y en Misiones, Posadas.<br \/>\nEn el marco de su pol\u00edtica ambiental y en coincidencia con el D\u00eda Mundial del Ambiente, desde la Universidad Nacional del Nordeste se pone en marcha una propuesta con actividades de concientizaci\u00f3n, educaci\u00f3n e impulso a la conciencia ambiental.<br \/>\n\u201cLa Semana Verde de la UNNE re\u00fane 40 actividades para revalorizar y potenciar la conciencia ambiental en la comunidad y su ecosistema social. Clases y conferencias de grado y postgrado, jornadas, presentaci\u00f3n de libros, talleres, workshops de dise\u00f1o, cine, campa\u00f1as de educaci\u00f3n y clasificaci\u00f3n de residuos, sensibilizaci\u00f3n ambiental y muchas actividades m\u00e1s\u201d, coment\u00f3 el Arq. Mg. Mario Berent, de la Coordinaci\u00f3n de Desarrollo Sustentable y Transici\u00f3n Ecol\u00f3gica de la UNNE (CoDeSTE).<br \/>\n \u201cSon 40 propuestas en estos 40 a\u00f1os de democracia argentina, donde la conciencia ambiental resulta m\u00e1s que nunca de vital importancia\u201d, agreg\u00f3 la arquitecta Maria Jos\u00e9 Roib\u00f3n, tambi\u00e9n de mencionada coordinaci\u00f3n.<br \/>\nTras dos jornadas previas de actividades, la \u201cSemana Verde\u201d inicia este 5 de junio en coincidencia con el D\u00eda Mundial del Ambiente, que este a\u00f1o se centrar\u00e1 en la contaminaci\u00f3n por pl\u00e1sticos, como lo anunciaron desde el Programa de las Naciones Unidas para el Medio Ambiente (PNUMA).<br \/>\nCabe destacar adem\u00e1s, que este a\u00f1o es el 50 aniversario del D\u00eda Mundial del Medio Ambiente, d\u00eda establecido por primera vez por la Asamblea General de las Naciones Unidas en 1972. En estas cinco d\u00e9cadas, este d\u00eda internacional ha llegado a convertirse en una de las plataformas mundiales con mayor alcance en favor de las causas ambientales.<br \/>\nDe 9 a 19.30 horas se habilit\u00f3 una \u201cCarpa Verde. Sin contaminaci\u00f3n por pl\u00e1stico\u201d, informativa, en el ingreso al Campus Resistencia de la UNNE.<br \/>\n Desde las 9, pero en la sede de la Extensi\u00f3n \u00c1ulica de la UNNE en Juan Jos\u00e9 Castelli, Chaco; se realizar\u00f3 la recolecci\u00f3n y clasificaci\u00f3n de residuos (en un radio de 4 manzanas), y la recepci\u00f3n de plantines donados por estudiantes, docentes y no docentes para ser plantados en el parque de la Extensi\u00f3n. La actividad es organizada en forma conjunta con la Facultad de Derecho y Ciencias Sociales y Pol\u00edticas.<br \/>\nEn Corrientes en tanto, se realiz\u00f3 tambi\u00e9n este lunes una caminata por el \u201cArboretum; un aula verde a cielo abierto para conocer, aprender, valorar y disfrutar del ambiente\u201d. La charla estar\u00e1 a cargo de la Ing. Agr. \u00c1ngela Burgos, de la Facultad de Ciencias Agrarias.<br \/>\n A las 11 hs est\u00e1 prevista la presentaci\u00f3n del Libro \u201cDerecho Ambiental\u201d, del Dr. Carlos Rodr\u00edguez, de la Facultad de Derecho y Ciencias Sociales y Pol\u00edticas. El mismo tendr\u00e1 lugar en la librer\u00eda Contexto ubicada en 9 de julio 1029 de la ciudad de Corrientes.<br \/>\nPor la tarde, a partir de las 19 horas, se desarrollar\u00e1 un conversatorio virtual sobre \u201cMedio ambiente, arquitectura y ciudad\u201d.<br \/>\nA la misma hora, se realizar\u00e1 la presentaci\u00f3n de la Semana Verde, en la Facultad de Ciencias Econ\u00f3micas, en el Campus Resistencia de la UNNE.<br \/>\nEl martes 6 de junio, a las 8 horas, quedar\u00e1 inaugurada la \u201cMuestra digital de trabajos de estudiantes de Arquitectura: Uso racional y eficiente de los recursos y sustentabilidad en edificios\u201d. Ser\u00e1 en el hall de acceso al Auditorio de la citada Unidad Acad\u00e9mica, tambi\u00e9n en el Campus Resistencia de la Universidad del Sol.<br \/>\nEn la Extensi\u00f3n \u00c1ulica de la UNNE en J.J. Castelli, se realizar\u00e1 la recolecci\u00f3n y clasificaci\u00f3n de residuos (en un radio de 4 manzanas), y la recepci\u00f3n de plantines donados por estudiantes, docentes y no docentes para ser plantados en el parque de la sede.<br \/>\nEn el Sal\u00f3n Popolizio del Campus Resistencia de la UNNE, en tanto, se brindar\u00e1 una capacitaci\u00f3n en RCP a cargo de personal de la Secretar\u00eda de Asuntos Sociales de la universidad. Comenzar\u00e1 a las 10 horas y quienes deseen participar podr\u00e1n inscribirse en: <a href=\"https:\/\/acortar.link\/JP84Dz.A\">acortar.link\/JP84Dz.A<\/a> las 17 horas est\u00e1 prevista una Jornada sobre \u201cContaminaci\u00f3n por Pl\u00e1stico\u201d, en la que disertar\u00e1n especialistas de la Facultad de Derecho y Ciencias Sociales y Pol\u00edticas de la UNNE. Ser\u00e1 v\u00eda Zoom (Id: 897-0939-6944).<br \/>\nLuego, a las 18 horas disertar\u00e1 el ingeniero Hugo Zurlo. Facultad de Artes, Dise\u00f1o y Ciencias de la Cultura, sobre \u201cUso responsable de la energ\u00eda\u201d. Quienes deseen podr\u00e1n inscribirse en el siguiente link: <a href=\"https:\/\/acortar.link\/qsr3CB\">acortar.link\/qsr3CB<\/a>.<br \/>\nPara las 19 est\u00e1 prevista una charla sobre \u201cExperiencias de Compostaje en la UNNE\u201d, a cargo del Ing. Agr. Sebasti\u00e1n Carnicer (del Inst. Agrot\u00e9cnico \u201cPedro M. Fuentes Godo\u201c de la UNNE). Ser\u00e1 en el sal\u00f3n Popolizio del Campus Resistencia. Para participar, se debe completar el siguiente cuestionario: <a href=\"https:\/\/acortar.link\/9sS7C1\">acortar.link\/9sS7C1<\/a>.<br \/>\nEl mi\u00e9rcoles 7 de junio continuar\u00e1n las propuestas de esta Semana Verde\u201d. Desde las 8 hs se podr\u00e1 ver la \u201cMuestra digital de trabajos de estudiantes de Arquitectura: Uso racional y eficiente de los recursos y sustentabilidad en edificios\u201d, en el hall de acceso al Auditorio de la Facultad de Arquitectura y Urbanismo-UNNE.<\/p>\n<p>A las 8:30 hs se dar\u00e1 una charla sobre \u201cEl cuidado del Ambiente y proyectos a futuro\u201d, en el Aula 2 del Instituto de Ciencias Criminal\u00edsticas y Criminolog\u00eda de la UNNE, en la capital correntina. Las personas que deseen participar pueden inscribirse en: <a href=\"https:\/\/acortar.link\/qgJJBX\">acortar.link\/qgJJBX<\/a>.<br \/>\nSe continuar\u00e1 adem\u00e1s con la actividad de Recolecci\u00f3n y clasificaci\u00f3n de residuos en la sede de la Extensi\u00f3n \u00c1ulica de la UNNE en Juan Jos\u00e9 Castelli, Chaco; tal como d\u00edas previos.<br \/>\nEn Corrientes en tanto, tendr\u00e1n lugar las conferencias \u201cEl medio ambiente y derecho a la ciudad. Derecho a la ciudad y Ambiente\u201d a cargo del Dr. Guillermo Gapel; y \u201cEl ambiente y el derecho\u201d, en la que disertar\u00e1 la Dra Haravi Eloisa Ruiz. Ambas tendr\u00e1n lugar en la Facultad de Derecho y Ciencias Sociales y Pol\u00edticas, en el Campus Deodoro Roca de la UNNE, en Av Libertad 5470, Corrientes. Para inscribirse completar el siguiente formulario: <a href=\"https:\/\/acortar.link\/e8Xgto\">acortar.link\/e8Xgto<\/a>.<br \/>\nEl dengue, tambi\u00e9n en la agenda ambiental<br \/>\nA modo de aporte desde la Universidad Nacional del Nordeste, en tiempos de una cada vez m\u00e1s necesaria concientizaci\u00f3n y prevenci\u00f3n del dengue; el programa de la Semana Verde incluye una Charla\/Taller denominada \u201cEl Dengue, control y prevenci\u00f3n\u201d, que estar\u00e1 a cargo de las doctoras Mirta Mi\u00e9rez, Claudia Mendoza y la profesora Raquel Zalazar. La misma tendr\u00e1 lugar en la sede de CENPETROP (Centro Nacional de Parasitolog\u00eda y Enfermedades Tropicales- Facultad de Medicina), en Santa Fe 1432. Enlace para inscripci\u00f3n: <a href=\"https:\/\/acortar.link\/4pCfsL\">acortar.link\/4pCfsL<\/a>.<br \/>\nA las 11 se desarrollar\u00e1 la charla \u201cEl derecho humano al medio ambiente sano: desaf\u00edos en los ODS y en Nuestra Agenda Com\u00fan\u201d. Disertar\u00e1 la profesora Noelia Nazaruka, en la Facultad de Derecho y Ciencias Sociales y Pol\u00edticas, en Campus \u201cDeodoro Roca\u201d, en Av Libertad 5470, de la capital correntina. Quienes deseen inscribirse pueden hacerlo completando el siguiente enlace:<br \/>\nPor la tarde, de 16:30 a 20:30 hs, se desarrollar\u00e1 un Workshop sobre dise\u00f1o ambiental denominado \u201cODS en acci\u00f3n\u201d. La actividad enmarcada en el programa ECO CAMPUS de la UNNE, est\u00e1 destinada a estudiantes de la Facultad de Arquitectura y Urbanismo. Tendr\u00e1 lugar en el Campus de la Reforma de la UNNE, Resistencia.<br \/>\nPor la tarde, est\u00e1n previstas tres charlas abiertas al p\u00fablico en general: a las 16:30 hs, la arquitecta Mar\u00eda Jos\u00e9 Roib\u00f3n hablar\u00e1 sobre \u201cEcoCampus 2030\u201d; a las 16:45 hs, el arquitecto Mario Berent abordar\u00e1 la tem\u00e1tica \u201cAntropoceno. Impacto Ambiental en la Arquitectura y el Urbanismo\u201d; y a las 17:30 hs, In\u00e9s Presman y Miguel Merino hablar\u00e1n sobre \u201cECO CAMPUS \u201cODS en acci\u00f3n\u201d.<br \/>\nEl jueves 8 de junio, desde las 8 horas, tambi\u00e9n estar\u00e1 disponible la \u201cMuestra digital de trabajos de estudiantes de Arquitectura: Uso racional y eficiente de los recursos y sustentabilidad en edificios\u201d; en el hall de acceso al Auditorio de la FAU-UNNE.<\/p>\n<p>A las 9 se repetir\u00e1 la actividad de recolecci\u00f3n y clasificaci\u00f3n de residuos en la sede de la Extensi\u00f3n \u00c1ulica J.J. Castelli.<br \/>\nDe 9 a 12 hs se realizar\u00e1 la charla: \u201cQu\u00edmica ambiental y su impacto en la sociedad\u201d, a cargo del Esp. Juan Daniel Ruiz Diaz; y la charla: \u201cValorar residuos. Generar vida\u201d, a cargo de la Dra. Silvina Echeverr\u00eda. Ser\u00e1 en el Campus Deodoro Roca (Ctes).<br \/>\nPara las 10 hs est\u00e1 prevista una reuni\u00f3n de trabajo entre la Facultad de Derecho y la Coordinaci\u00f3n de Desarrollo Sostenible y Transici\u00f3n Ecol\u00f3gica (CODESTE). Ser\u00e1 en la sede de la Unidad Acad\u00e9mica, en el Campus Deodoro Roca. Av. Libertad 5470, Corrientes.<br \/>\nA las 11 comenzar\u00e1 una jornada en la que se dar\u00e1n a conocer las ofertas acad\u00e9micas de este a\u00f1o desde el \u00e1rea ambiental. Ser\u00e1 en la Facultad de Ciencias Exactas y Naturales y Agrimensura (FaCENA) en el Campus Deodoro Roca, Corrientes. Enlace de inscripci\u00f3n: <a href=\"https:\/\/acortar.link\/jeucQf\">acortar.link\/jeucQf<\/a>.<br \/>\nEn ese marco se presentar\u00e1, a las 11.30 hs, el curso ODS, a cargo de la profesora. Erica Peralta del CEGAE \u2013 CoDeSTE; a las 12 la Dra. Arq. Claudia Pilar har\u00e1 lo propio con la Especializaci\u00f3n en Evaluaci\u00f3n Ambiental, y por \u00faltimo, a las 12.30 hs, est\u00e1 prevista la experiencia educativa: Curso de Salud P\u00fablica Ambiental desde la Facultad de Medicina; que presentar\u00e1n Lucrecia Obreg\u00f3n y Patricia Said R\u00fccker.<br \/>\nA partir de las 17,30 hs ser\u00e1 la charla \u201cCuidando el ambiente desde la arquitectura\u201d. Disertar\u00e1 la Dra. Arq. Herminia Al\u00edas y se realizar\u00e1 en el Auditorio Ricardo Jesse Alexander de la Facultad de Arquitectura y Urbanismo, en el Campus Resistencia de la UNNE. Para inscribirse se debe completar el siguiente cuestionario: <a href=\"https:\/\/acortar.link\/LC0uWu\">acortar.link\/LC0uWu<\/a>.<br \/>\nEl programa prev\u00e9 adem\u00e1s un recorrido de Sensibilizaci\u00f3n Ambiental, a cargo de la Prof. Cristina Inda. La salida est\u00e1 prevista para las 18 horas desde el Sal\u00f3n Popolizio del edificio ProDeSos, y se recorrer\u00e1 todo el Campus Resistencia de la UNNE.<br \/>\nA las 19:30 hs en tanto, continuar\u00e1 en el CCN (Illia 355, Resistencia) el \u201cCiclo del medio ambiente y naturaleza\u201d. Se proyectar\u00e1 la pel\u00edcula \u201cComo cambiar el mundo\u201d (2015).<br \/>\nEl viernes 9 de junio, seguir\u00e1 disponible la \u201cMuestra digital de trabajos de estudiantes de Arquitectura: Uso racional y eficiente de los recursos y sustentabilidad en edificios\u201d (desde las 8 horas en el hall de acceso al Auditorio de la Facultad de Arquitectura y Urbanismo, Campus Resistencia de la UNNE).<br \/>\nTambi\u00e9n en Misiones<br \/>\nAtento al car\u00e1cter regional de la Universidad Nacional del Nordeste, la Semana Verde tambi\u00e9n se vivir\u00e1 en la ciudad de Posadas, Misiones. Desde las 9 horas del 9 de junio, se recibir\u00e1n en la sede de la Extensi\u00f3n \u00c1ulica de la UNNE, pilas usadas, tapitas de pl\u00e1stico, llaves en desuso y papeles, para enviar a la planta de reciclaje. La actividad estar\u00e1 a cargo de la Lic. Claudia D\u00edaz.<br \/>\nTambi\u00e9n se volver\u00e1 a hacer el trabajo de recolecci\u00f3n y clasificaci\u00f3n de residuos en la Extensi\u00f3n \u00c1ulica J.J. Castelli, Chaco.<br \/>\nEn la capital chaque\u00f1a, tendr\u00e1 lugar la charla sobre \u201cBuenas Pr\u00e1cticas Ambientales en la Construcci\u00f3n\u201d,  a cargo del Ing. Carlos Guardia (IMAPRO). La misma comenzar\u00e1 a las 11 horas y se desarrollar\u00e1 en el Sal\u00f3n Popolizio del Campus Resistencia. Enlace de inscripci\u00f3n: <a href=\"https:\/\/acortar.link\/QcDIwf\">acortar.link\/QcDIwf<\/a>.<br \/>\nDe 16:30 a 20:30 hs, nuevamente el Workshop sobre dise\u00f1o ambiental \u201cODS en acci\u00f3n\u201d, para estudiantes de la Arquitectura, en el Campus de la Reforma de la UNNE en Resistencia.<br \/>\nPost Semana Verde<br \/>\nPara cerrar estos d\u00edas de variadas actividades de concientizaci\u00f3n y educaci\u00f3n ambiental, el s\u00e1bado 10 de junio, se reeditar\u00e1 la actividad de recepci\u00f3n de pilas usadas, tapitas de pl\u00e1stico, llaves en desuso y papeles, en la Extensi\u00f3n \u00c1ulica Posadas. Ser\u00e1 desde las 9 horas.<\/p>\n<p>El mi\u00e9rcoles 14, se volver\u00e1 a realizar el Workshop antes mencionado. Y el jueves 22, a las 19:30 hs se proyectar\u00e1 la pel\u00edcula \u201cEl precio de la verdad (2019)\u201d en el CCN. El cierre de la Semana Verde ser\u00e1 tambi\u00e9n en el Centro Cultural Nordeste (Arturo Illia 355, Resistencia), cuando se ponga en pantalla el film \u201cNacidos en China\u201d (2016). Ser\u00e1 el 29 de junio, a la misma hora.<br \/>\nDe este modo, la Universidad Nacional del Nordeste refuerza su pol\u00edtica ambiental con acciones concretas que sumen a la concientizaci\u00f3n y educaci\u00f3n de toda la comunidad.<\/p>\n","protected":false},"excerpt":{"rendered":"<p>Este lunes, en coincidencia con el D\u00eda Mundial del Ambiente, comienza la \u201cSemana Verde\u201d que se organiza desde la Universidad Nacional del Nordeste para sumar a la conciencia y educaci\u00f3n ambiental de la comunidad. Hasta el 29 de junio habr\u00e1 clases y conferencias de grado y postgrado, jornadas, presentaci\u00f3n de libros, talleres, workshops de dise\u00f1o, [&hellip;]<\/p>\n","protected":false},"author":1,"featured_media":22479,"comment_status":"closed","ping_status":"closed","sticky":false,"template":"","format":"standard","meta":{"footnotes":""},"categories":[6],"tags":[],"class_list":{"0":"post-22478","1":"post","2":"type-post","3":"status-publish","4":"format-standard","5":"has-post-thumbnail","7":"category-chaco"},"_links":{"self":[{"href":"https:\/\/chacosintesis.com.ar\/index.php\/wp-json\/wp\/v2\/posts\/22478","targetHints":{"allow":["GET"]}}],"collection":[{"href":"https:\/\/chacosintesis.com.ar\/index.php\/wp-json\/wp\/v2\/posts"}],"about":[{"href":"https:\/\/chacosintesis.com.ar\/index.php\/wp-json\/wp\/v2\/types\/post"}],"author":[{"embeddable":true,"href":"https:\/\/chacosintesis.com.ar\/index.php\/wp-json\/wp\/v2\/users\/1"}],"replies":[{"embeddable":true,"href":"https:\/\/chacosintesis.com.ar\/index.php\/wp-json\/wp\/v2\/comments?post=22478"}],"version-history":[{"count":0,"href":"https:\/\/chacosintesis.com.ar\/index.php\/wp-json\/wp\/v2\/posts\/22478\/revisions"}],"wp:featuredmedia":[{"embeddable":true,"href":"https:\/\/chacosintesis.com.ar\/index.php\/wp-json\/wp\/v2\/media\/22479"}],"wp:attachment":[{"href":"https:\/\/chacosintesis.com.ar\/index.php\/wp-json\/wp\/v2\/media?parent=22478"}],"wp:term":[{"taxonomy":"category","embeddable":true,"href":"https:\/\/chacosintesis.com.ar\/index.php\/wp-json\/wp\/v2\/categories?post=22478"},{"taxonomy":"post_tag","embeddable":true,"href":"https:\/\/chacosintesis.com.ar\/index.php\/wp-json\/wp\/v2\/tags?post=22478"}],"curies":[{"name":"wp","href":"https:\/\/api.w.org\/{rel}","templated":true}]}}