{"id":22470,"date":"2023-06-06T10:20:03","date_gmt":"2023-06-06T13:20:03","guid":{"rendered":"https:\/\/chacosintesis.com.ar\/?p=22470"},"modified":"2023-06-06T10:36:38","modified_gmt":"2023-06-06T13:36:38","slug":"desde-quitilipi-ni-una-menos-pidio-la-emergencia-nacional-por-violencia-de-genero","status":"publish","type":"post","link":"https:\/\/chacosintesis.com.ar\/index.php\/desde-quitilipi-ni-una-menos-pidio-la-emergencia-nacional-por-violencia-de-genero\/","title":{"rendered":"Desde Quitilipi, &#8220;Ni una menos&#8221; pidi\u00f3 la emergencia nacional por violencia de g\u00e9nero"},"content":{"rendered":"<p>Colectivos feministas y familiares de v\u00edctimas locales conmemoraron la jornada alzando sus voces por m\u00e1s pol\u00edticas p\u00fablicas de protecci\u00f3n y justicia.<\/p>\n<p>Con un sentido acto y posterior marcha por calles c\u00e9ntricas, los colectivos feministas y familiares de v\u00edctimas locales conmemoraron la jornada &#8220;Ni Una Menos&#8221; alzando sus voces por m\u00e1s pol\u00edticas p\u00fablicas de protecci\u00f3n y justicia.<\/p>\n<p>En la oportunidad solicitaron que se declare la emergencia nacional por violencia de g\u00e9nero y que se reasigne un presupuesto acorde con la urgencia, indicando que la estad\u00edstica a nivel pa\u00eds es alarmante: en lo que va del a\u00f1o se registraron 105 femicidios y 200 intentos, lo que significa que hay una v\u00edctima fatal cada 27 horas.<br \/>\n&#8220;El Estado debe focalizar los esfuerzos para combatir las violencias y fortalecer los equipos interdisciplinarios, organizaciones y redes que brindan asistencia y acompa\u00f1amiento en cada localidad&#8221;, se\u00f1ala el documento compartido.<br \/>\nEL RECUERDO DE LAS V\u00cdCTIMAS<br \/>\nEl encuentro comenz\u00f3 frente al banco rojo de plaza Evita con la participaci\u00f3n de agrupaciones como &#8220;Las Mariposas&#8221; y &#8220;Mumal\u00e1&#8221;, adem\u00e1s de familiares de las v\u00edctimas quitilipenses Carolina Sosa, Cecilia G\u00f3mez, Juana G\u00f3mez, Graciela Sena, Dominga Soto, Antonella Altamirano y Evaristo Saux. All\u00ed se unific\u00f3 con gran dolor el pedido de justicia, mayor empat\u00eda social y acciones pol\u00edticas firmes con perspectiva de g\u00e9nero para evitar m\u00e1s muertes. Se organiz\u00f3 luego la movilizaci\u00f3n con pancartas y cantos aleg\u00f3ricos que recorri\u00f3 las calles del centro hasta llegar a la plaza San Mart\u00edn.<br \/>\n&#8220;QUEREMOS UNA REFOR\u2011 MA FEMINISTA&#8221;<br \/>\nEntre los diversos petito\u2011 rios y documentos se insisti\u00f3 en la necesidad de lograr una mayor igualdad de g\u00e9nero, una vida libre de violencia machista e implementaci\u00f3n efectiva de la ESI en las escuelas.<br \/>\nTambi\u00e9n solicitaron una reforma judicial femi\u2011 nista con asesoramiento gratuito y asistencia econ\u00f3mica, registro \u00fanico de denuncias contra agresores, dispositivos electr\u00f3nicos duales para monitoreo, cumplimiento de los protocolos de actuaci\u00f3n, desarme de agentes de seguridad con denuncias y capacitaci\u00f3n con la Ley Micaela, entre otros.<br \/>\nAdem\u00e1s, la referente Elba Rojas de la Multisectorial de la Mujer entreg\u00f3 una &#8220;Declaraci\u00f3n de Inter\u00e9s&#8221; de la C\u00e1mara de Diputados por los ocho a\u00f1os del movimiento &#8220;Ni Una Menos&#8221; y exigiendo justicia por los docentes asesinados recientemente en la localidad.<\/p>\n<p>DIARIO NORTE.-<\/p>\n","protected":false},"excerpt":{"rendered":"<p>Colectivos feministas y familiares de v\u00edctimas locales conmemoraron la jornada alzando sus voces por m\u00e1s pol\u00edticas p\u00fablicas de protecci\u00f3n y justicia. Con un sentido acto y posterior marcha por calles c\u00e9ntricas, los colectivos feministas y familiares de v\u00edctimas locales conmemoraron la jornada &#8220;Ni Una Menos&#8221; alzando sus voces por m\u00e1s pol\u00edticas p\u00fablicas de protecci\u00f3n y [&hellip;]<\/p>\n","protected":false},"author":1,"featured_media":22471,"comment_status":"closed","ping_status":"closed","sticky":false,"template":"","format":"standard","meta":{"footnotes":""},"categories":[6],"tags":[197],"class_list":{"0":"post-22470","1":"post","2":"type-post","3":"status-publish","4":"format-standard","5":"has-post-thumbnail","7":"category-chaco","8":"tag-destacada"},"_links":{"self":[{"href":"https:\/\/chacosintesis.com.ar\/index.php\/wp-json\/wp\/v2\/posts\/22470","targetHints":{"allow":["GET"]}}],"collection":[{"href":"https:\/\/chacosintesis.com.ar\/index.php\/wp-json\/wp\/v2\/posts"}],"about":[{"href":"https:\/\/chacosintesis.com.ar\/index.php\/wp-json\/wp\/v2\/types\/post"}],"author":[{"embeddable":true,"href":"https:\/\/chacosintesis.com.ar\/index.php\/wp-json\/wp\/v2\/users\/1"}],"replies":[{"embeddable":true,"href":"https:\/\/chacosintesis.com.ar\/index.php\/wp-json\/wp\/v2\/comments?post=22470"}],"version-history":[{"count":0,"href":"https:\/\/chacosintesis.com.ar\/index.php\/wp-json\/wp\/v2\/posts\/22470\/revisions"}],"wp:featuredmedia":[{"embeddable":true,"href":"https:\/\/chacosintesis.com.ar\/index.php\/wp-json\/wp\/v2\/media\/22471"}],"wp:attachment":[{"href":"https:\/\/chacosintesis.com.ar\/index.php\/wp-json\/wp\/v2\/media?parent=22470"}],"wp:term":[{"taxonomy":"category","embeddable":true,"href":"https:\/\/chacosintesis.com.ar\/index.php\/wp-json\/wp\/v2\/categories?post=22470"},{"taxonomy":"post_tag","embeddable":true,"href":"https:\/\/chacosintesis.com.ar\/index.php\/wp-json\/wp\/v2\/tags?post=22470"}],"curies":[{"name":"wp","href":"https:\/\/api.w.org\/{rel}","templated":true}]}}