{"id":22460,"date":"2023-06-05T12:52:31","date_gmt":"2023-06-05T15:52:31","guid":{"rendered":"https:\/\/chacosintesis.com.ar\/?p=22460"},"modified":"2023-06-05T13:06:38","modified_gmt":"2023-06-05T16:06:38","slug":"mas-familias-de-resistencia-cumplen-el-sueno-de-acceder-a-la-casa-propia","status":"publish","type":"post","link":"https:\/\/chacosintesis.com.ar\/index.php\/mas-familias-de-resistencia-cumplen-el-sueno-de-acceder-a-la-casa-propia\/","title":{"rendered":"M\u00e1s familias de Resistencia cumplen el sue\u00f1o de acceder a la casa propia"},"content":{"rendered":"<p>Capitanich entreg\u00f3 cinco viviendas sociales construidas por el movimiento MTD Autoconvocados, con el apoyo del Instituto de Agricultura Familiar y Econom\u00eda Popular.<\/p>\n<p>Esta ma\u00f1ana el gobernador Jorge Milton Capitanich, junto al presidente del Instituto de Agricultura Familiar y Econom\u00eda Popular (IAFEP), Mauro Andi\u00f3n, entregaron cinco nuevas viviendas sociales, construidas por el movimiento MTD Autoconvocados. Las mismas se encuentran ubicadas en el Ex Campo de Tiro, en la Zona Sur de Resistencia.<br \/>\nEn esta ocasi\u00f3n, el gobernador destac\u00f3 que que la construcci\u00f3n de las viviendas \u201cforma parte de un modelo virtuoso, donde propiciamos la transformaci\u00f3n de los planes sociales en empleo digno, un proceso de calificaci\u00f3n y capacitaci\u00f3n de empleo formal en forma cont\u00ednua\u201d.<br \/>\n\u201cEso representa el ejercicio de dos derechos de forma simult\u00e1nea, el derecho al trabajo y progreso social, por un lado y el derecho a la vivienda digna, por el otro\u201d, remarc\u00f3 Capitanich. \u201cSon viviendas construidas con muy buena calidad, cuentan con toda la infraestructura social b\u00e1sica, desag\u00fces pluviales, veredas y garantizan el derecho a la salud, a la educaci\u00f3n, al ambiente sano, a servicios b\u00e1sicos indispensables y dan continuidad a un trabajo social\u201d, detall\u00f3.<br \/>\n Por su parte, Ram\u00f3n Gutierr\u00e9z, referente del movimiento expres\u00f3: \u201cEstamos agradecidos con el gobernador y contentos porque vamos a seguir trabajando en esta organizaci\u00f3n donde trabaja mucha gente, mujeres, hombres y personas mayores\u201d.<br \/>\nFinalmente, Esther Romero, una de las personas beneficiadas con las viviendas manifest\u00f3: \u201cFui muy bien recibida en este barrio, por el dirigente, por su equipo de trabajo y tambi\u00e9n tuvimos el apoyo del gobernador Capitanich\u201d. \u201cGracias a eso tengo un techo, donde puedo estar con mi hija con discapacidad, con mi familia y tambi\u00e9n gracias a esa gesti\u00f3n mucha gente sigue siendo beneficiada\u201d, concluy\u00f3.<\/p>\n","protected":false},"excerpt":{"rendered":"<p>Capitanich entreg\u00f3 cinco viviendas sociales construidas por el movimiento MTD Autoconvocados, con el apoyo del Instituto de Agricultura Familiar y Econom\u00eda Popular. Esta ma\u00f1ana el gobernador Jorge Milton Capitanich, junto al presidente del Instituto de Agricultura Familiar y Econom\u00eda Popular (IAFEP), Mauro Andi\u00f3n, entregaron cinco nuevas viviendas sociales, construidas por el movimiento MTD Autoconvocados. Las [&hellip;]<\/p>\n","protected":false},"author":1,"featured_media":22461,"comment_status":"closed","ping_status":"closed","sticky":false,"template":"","format":"standard","meta":{"footnotes":""},"categories":[6],"tags":[],"class_list":{"0":"post-22460","1":"post","2":"type-post","3":"status-publish","4":"format-standard","5":"has-post-thumbnail","7":"category-chaco"},"_links":{"self":[{"href":"https:\/\/chacosintesis.com.ar\/index.php\/wp-json\/wp\/v2\/posts\/22460","targetHints":{"allow":["GET"]}}],"collection":[{"href":"https:\/\/chacosintesis.com.ar\/index.php\/wp-json\/wp\/v2\/posts"}],"about":[{"href":"https:\/\/chacosintesis.com.ar\/index.php\/wp-json\/wp\/v2\/types\/post"}],"author":[{"embeddable":true,"href":"https:\/\/chacosintesis.com.ar\/index.php\/wp-json\/wp\/v2\/users\/1"}],"replies":[{"embeddable":true,"href":"https:\/\/chacosintesis.com.ar\/index.php\/wp-json\/wp\/v2\/comments?post=22460"}],"version-history":[{"count":0,"href":"https:\/\/chacosintesis.com.ar\/index.php\/wp-json\/wp\/v2\/posts\/22460\/revisions"}],"wp:featuredmedia":[{"embeddable":true,"href":"https:\/\/chacosintesis.com.ar\/index.php\/wp-json\/wp\/v2\/media\/22461"}],"wp:attachment":[{"href":"https:\/\/chacosintesis.com.ar\/index.php\/wp-json\/wp\/v2\/media?parent=22460"}],"wp:term":[{"taxonomy":"category","embeddable":true,"href":"https:\/\/chacosintesis.com.ar\/index.php\/wp-json\/wp\/v2\/categories?post=22460"},{"taxonomy":"post_tag","embeddable":true,"href":"https:\/\/chacosintesis.com.ar\/index.php\/wp-json\/wp\/v2\/tags?post=22460"}],"curies":[{"name":"wp","href":"https:\/\/api.w.org\/{rel}","templated":true}]}}