{"id":22458,"date":"2023-06-05T12:51:16","date_gmt":"2023-06-05T15:51:16","guid":{"rendered":"https:\/\/chacosintesis.com.ar\/?p=22458"},"modified":"2023-06-05T13:06:38","modified_gmt":"2023-06-05T16:06:38","slug":"resistencia-murio-un-motociclista-que-habria-chocado-contra-un-monticulo-de-tierra","status":"publish","type":"post","link":"https:\/\/chacosintesis.com.ar\/index.php\/resistencia-murio-un-motociclista-que-habria-chocado-contra-un-monticulo-de-tierra\/","title":{"rendered":"Resistencia: Muri\u00f3 un motociclista que habr\u00eda chocado contra un mont\u00edculo de tierra"},"content":{"rendered":"<p>Este domingo cerca de las 20:30, un joven de 26 a\u00f1os perdi\u00f3 la vida luego de protagonizar un siniestro vial sobre calle Hait\u00ed al 380, en la ciudad de Resistencia, por lo que debi\u00f3 ser hospitalizado, donde se produjo su deceso.<br \/>\nDe acuerdo a la informaci\u00f3n provista por la Polic\u00eda, el joven conduc\u00eda una moto marca Motomel \u201cCG\u201d de 125 cilindradas, a bordo de la cual choc\u00f3 \u201ccontra un mont\u00edculo de tierra\u201d. En el lugar se present\u00f3 personal m\u00e9dico y fue trasladado al Hospital Perrando en ambulancia \u201cdebido a que sufri\u00f3 lesiones graves\u201d, explicaron.<br \/>\nM\u00e1s de una hora despu\u00e9s -se\u00f1ala el parte policial- desde el nosocomio reportaron que el paciente falleci\u00f3 \u201ca causa de las lesiones sufridas\u201d y precisaron que el cuadro era de \u201cT.E.C Grave, politraumatismos. Con asistencia respiratoria mec\u00e1nica. Estado grave\u201d.<br \/>\nFinalmente, la Fiscal\u00eda N\u00b010, a cargo de la Doctora Lilian Irala, dispuso que el occiso sea trasladado a la morgue judicial para realizar la autopsia.<\/p>\n","protected":false},"excerpt":{"rendered":"<p>Este domingo cerca de las 20:30, un joven de 26 a\u00f1os perdi\u00f3 la vida luego de protagonizar un siniestro vial sobre calle Hait\u00ed al 380, en la ciudad de Resistencia, por lo que debi\u00f3 ser hospitalizado, donde se produjo su deceso. De acuerdo a la informaci\u00f3n provista por la Polic\u00eda, el joven conduc\u00eda una moto [&hellip;]<\/p>\n","protected":false},"author":1,"featured_media":22459,"comment_status":"closed","ping_status":"closed","sticky":false,"template":"","format":"standard","meta":{"footnotes":""},"categories":[6],"tags":[],"class_list":{"0":"post-22458","1":"post","2":"type-post","3":"status-publish","4":"format-standard","5":"has-post-thumbnail","7":"category-chaco"},"_links":{"self":[{"href":"https:\/\/chacosintesis.com.ar\/index.php\/wp-json\/wp\/v2\/posts\/22458","targetHints":{"allow":["GET"]}}],"collection":[{"href":"https:\/\/chacosintesis.com.ar\/index.php\/wp-json\/wp\/v2\/posts"}],"about":[{"href":"https:\/\/chacosintesis.com.ar\/index.php\/wp-json\/wp\/v2\/types\/post"}],"author":[{"embeddable":true,"href":"https:\/\/chacosintesis.com.ar\/index.php\/wp-json\/wp\/v2\/users\/1"}],"replies":[{"embeddable":true,"href":"https:\/\/chacosintesis.com.ar\/index.php\/wp-json\/wp\/v2\/comments?post=22458"}],"version-history":[{"count":0,"href":"https:\/\/chacosintesis.com.ar\/index.php\/wp-json\/wp\/v2\/posts\/22458\/revisions"}],"wp:featuredmedia":[{"embeddable":true,"href":"https:\/\/chacosintesis.com.ar\/index.php\/wp-json\/wp\/v2\/media\/22459"}],"wp:attachment":[{"href":"https:\/\/chacosintesis.com.ar\/index.php\/wp-json\/wp\/v2\/media?parent=22458"}],"wp:term":[{"taxonomy":"category","embeddable":true,"href":"https:\/\/chacosintesis.com.ar\/index.php\/wp-json\/wp\/v2\/categories?post=22458"},{"taxonomy":"post_tag","embeddable":true,"href":"https:\/\/chacosintesis.com.ar\/index.php\/wp-json\/wp\/v2\/tags?post=22458"}],"curies":[{"name":"wp","href":"https:\/\/api.w.org\/{rel}","templated":true}]}}