{"id":22453,"date":"2023-06-04T11:55:00","date_gmt":"2023-06-04T14:55:00","guid":{"rendered":"https:\/\/chacosintesis.com.ar\/?p=22453"},"modified":"2023-06-05T10:28:40","modified_gmt":"2023-06-05T13:28:40","slug":"la-lista-correligionarios-ratifico-su-apoyo-a-la-candidata-a-intendenta-de-resistencia-eli-cuesta","status":"publish","type":"post","link":"https:\/\/chacosintesis.com.ar\/index.php\/la-lista-correligionarios-ratifico-su-apoyo-a-la-candidata-a-intendenta-de-resistencia-eli-cuesta\/","title":{"rendered":"La lista Correligionarios ratific\u00f3 su apoyo a la candidata a intendenta de Resistencia Eli Cuesta"},"content":{"rendered":"\n<p>En el Domo del Centenario, las y los precandidatos a concejales de la lista 665 M Correligionarios Resistencia presentaron sus propuestas ante una gran concurrencia de vecinas y vecinos, como tambi\u00e9n ratificaron su apoyo a la candidata a intendenta por el Frente CER (Corriente de Expresi\u00f3n Renovada), Elida Cuesta. En ese sentido, Cuesta remarc\u00f3 que se trata de trabajar con la participaci\u00f3n de todas y todos, es la \u00fanica manera que Resistencia resuelva los problemas de las y los vecinos. &#8220;La pol\u00edtica sectaria y con las voces de pocos no ayudan a la gente que no la est\u00e1 pasando bien&#8221;, afirm\u00f3.<\/p>\n\n\n\n<p>La tambi\u00e9n titular del Poder Legislativo manifest\u00f3, una vez m\u00e1s, que la apertura al di\u00e1logo y la participaci\u00f3n de todos los partidos pol\u00edticos es como va a trabajar de llegar a la intendencia capitalina. &#8220;Escuchamos las propuestas de la lista 665 M Correligionarios Resistencia junto a sus precandidatas y precandidatos. Tenemos quince listas de concejales que representan a distintos sectores de nuestra ciudad y eso me llena de entusiasmo&#8221;, se\u00f1al\u00f3.<br>La candidata del CER agradeci\u00f3 el acompa\u00f1amiento &#8220;porque no es f\u00e1cil dar el salto y salir de un lugar para involucrarse en un espacio en el cual convergen radicales, peronistas, socialistas, nacionalistas, independientes, profesionales. Eso es el espacio CER, la pol\u00edtica sectaria y con las voces de pocos no ayudan a la gente que no la est\u00e1 pasando bien&#8221; reiter\u00f3. Para Eli Cuesta lo mas importante es tener ideas en com\u00fan y, a partir de all\u00ed, ayudar, estar cerca del que m\u00e1s necesita, tener una empat\u00eda con los sectores m\u00e1s vulnerables. &#8220;En eso no nos diferenciamos los partidos pol\u00edticos. Y quienes estamos y pensamos igual estamos en este espacio. Espero que nos acompa\u00f1en, que nos ayuden a llegar a la intendencia&#8221;, pidi\u00f3 a la ciudadan\u00eda.<\/p>\n\n\n\n<p>El precandidato a presidente del Concejo, \u00c1ngel S\u00e1nchez, manifest\u00f3 su satisfacci\u00f3n por la convocatoria y, en ese sentido, dijo que &#8220;muchos dirigentes radicales de muchos a\u00f1os de militancia hoy acompa\u00f1an dentro del CER a la candidatura de Eli Cuesta como intendenta&#8221;.<br>Adem\u00e1s, remarc\u00f3 su compromiso de aportar al trabajo mancomunado, por el bien com\u00fan, para las y los resistencianos que hoy necesitan de sus politicos, que representen a todas y todos. &#8220;Por supuesto, aqu\u00ed hay mucha gente que se sinti\u00f3 abandonada, desechada, pero hoy est\u00e1n nuevamente con todas las ganas, militando y trabajando por este bien com\u00fan que es el que todos buscamos. Trabajar y aportar para todas y todos los resistencianos&#8221;, concluy\u00f3.<\/p>\n","protected":false},"excerpt":{"rendered":"<p>En el Domo del Centenario, las y los precandidatos a concejales de la lista 665 M Correligionarios Resistencia presentaron sus propuestas ante una gran concurrencia de vecinas y vecinos, como tambi\u00e9n ratificaron su apoyo a la candidata a intendenta por el Frente CER (Corriente de Expresi\u00f3n Renovada), Elida Cuesta. En ese sentido, Cuesta remarc\u00f3 que [&hellip;]<\/p>\n","protected":false},"author":1,"featured_media":22454,"comment_status":"closed","ping_status":"closed","sticky":false,"template":"","format":"standard","meta":{"footnotes":""},"categories":[6],"tags":[202],"class_list":{"0":"post-22453","1":"post","2":"type-post","3":"status-publish","4":"format-standard","5":"has-post-thumbnail","7":"category-chaco","8":"tag-legislatura"},"_links":{"self":[{"href":"https:\/\/chacosintesis.com.ar\/index.php\/wp-json\/wp\/v2\/posts\/22453","targetHints":{"allow":["GET"]}}],"collection":[{"href":"https:\/\/chacosintesis.com.ar\/index.php\/wp-json\/wp\/v2\/posts"}],"about":[{"href":"https:\/\/chacosintesis.com.ar\/index.php\/wp-json\/wp\/v2\/types\/post"}],"author":[{"embeddable":true,"href":"https:\/\/chacosintesis.com.ar\/index.php\/wp-json\/wp\/v2\/users\/1"}],"replies":[{"embeddable":true,"href":"https:\/\/chacosintesis.com.ar\/index.php\/wp-json\/wp\/v2\/comments?post=22453"}],"version-history":[{"count":0,"href":"https:\/\/chacosintesis.com.ar\/index.php\/wp-json\/wp\/v2\/posts\/22453\/revisions"}],"wp:featuredmedia":[{"embeddable":true,"href":"https:\/\/chacosintesis.com.ar\/index.php\/wp-json\/wp\/v2\/media\/22454"}],"wp:attachment":[{"href":"https:\/\/chacosintesis.com.ar\/index.php\/wp-json\/wp\/v2\/media?parent=22453"}],"wp:term":[{"taxonomy":"category","embeddable":true,"href":"https:\/\/chacosintesis.com.ar\/index.php\/wp-json\/wp\/v2\/categories?post=22453"},{"taxonomy":"post_tag","embeddable":true,"href":"https:\/\/chacosintesis.com.ar\/index.php\/wp-json\/wp\/v2\/tags?post=22453"}],"curies":[{"name":"wp","href":"https:\/\/api.w.org\/{rel}","templated":true}]}}