{"id":22448,"date":"2023-06-05T09:51:34","date_gmt":"2023-06-05T12:51:34","guid":{"rendered":"https:\/\/chacosintesis.com.ar\/?p=22448"},"modified":"2023-06-05T10:05:30","modified_gmt":"2023-06-05T13:05:30","slug":"nuevo-banco-del-chaco-invita-a-la-jornada-ideas-que-transforman","status":"publish","type":"post","link":"https:\/\/chacosintesis.com.ar\/index.php\/nuevo-banco-del-chaco-invita-a-la-jornada-ideas-que-transforman\/","title":{"rendered":"Nuevo Banco del Chaco invita a la jornada \u201cIdeas que transforman\u201d"},"content":{"rendered":"<p>La propuesta contar\u00e1 con la participaci\u00f3n de Mateo Salvatto, Emilia Velasco, Gast\u00f3n Greco y Gaspar Gracia Daponte. Ser\u00e1 este martes, en el Centro de Convenciones de Resistencia.<br \/>\nNuevo Banco del Chaco invita a p\u00fablico general, empresas y emprendimientos a participar de la jornada \u201cIdeas que transforman\u201d con Mateo Salvatto, Emilia Velasco, Gast\u00f3n Greco y Gaspar Gracia Daponte, para promover el intercambio de experiencias y casos de \u00e9xitos para inspirar a emprendimientos locales.<br \/>\nLa invitaci\u00f3n es para el pr\u00f3ximo martes 6, a partir de las 8.30, en el Centro de Convenciones Gala (Ruta 11 km 1003), de la ciudad de Resistencia. El ingreso es libre y gratuito, y se puede realizar una preinscripci\u00f3n online en el link <a href=\"https:\/\/forms.gle\/48JNR9Z7Z9twY1hL7\">forms.gle\/48JNR9Z7Z9twY1hL7<\/a><br \/>\nLa jornada \u201cIdeas que Transforman\u201d contar\u00e1 con la presencia del gobernador Jorge Capitanich y tendr\u00e1 como principal invitado a Mateo Salvatto, joven emprendedor tecnol\u00f3gico con reconocimiento internacional, y a destacadas personalidades del quehacer empresario de nuestra regi\u00f3n.<br \/>\nTambi\u00e9n participar\u00e1n Gast\u00f3n Greco, emprendedor chaque\u00f1o creador de la marca Posco, con reconocimiento internacional; la dise\u00f1adora chaque\u00f1a Emilia Velasco, fundadora de \u201cVelasco, vestir experiencias\u201d; y el experto en marketing Gaspar Gracia Daponte, destacado en temas relacionados con Pensamiento Estrat\u00e9gico de Marketing, Investigaci\u00f3n de Mercado y Tendencias de Consumo. Ha desarrollado proyectos en Argentina y Am\u00e9rica Latina para firmas l\u00edderes de su sector.<br \/>\n\u00bfQui\u00e9n es Mateo Salvatto?<br \/>\nMateo Salvatto tiene 23 a\u00f1os y es oriundo de la Ciudad de Buenos Aires. A los 17 a\u00f1os logr\u00f3 el t\u00edtulo de \u201cCampe\u00f3n Internacional de Rob\u00f3tica\u201d, y un a\u00f1o despu\u00e9s cre\u00f3 su primera empresa: Asteroid, cuyo primer producto, H\u00e1blalo, ya ayuda a m\u00e1s de 300.000 personas con discapacidades comunicativas en todo el mundo, de forma totalmente gratuita.<br \/>\nMateo hoy se desempe\u00f1a como Jefe de Innovaci\u00f3n para las Escuelas ORT, su libro &#8220;La Batalla por el Futuro&#8221; ha vendido m\u00e1s de 50 mil copias (#1 Best Seller 2021), se ha convertido en una gran influencia social para la inclusi\u00f3n, la ciencia y la tecnolog\u00eda en toda Am\u00e9rica Latina, y fue reconocido como Innovador Humanitario del A\u00f1o por MIT Technology Review, Mejor Innovador Social por la Universidad de Pek\u00edn y Emprendedor Sobresaliente por el Congreso Nacional, entre otros importantes premios.<br \/>\nSu empresa, Asteroid, fue seleccionada en 2020 como una de las 100 mejores empresas emergentes del mundo por Global Entrepreneurship Network en Arabia Saudita.<br \/>\nRecientemente, Mateo fue incluido en el \u201cRanking MERCO 2021\u201d como el 38\u00b0 empresario m\u00e1s influyente de Argentina. Y galardonado con el Eikon de Oro al Comunicador del A\u00f1o.<\/p>\n","protected":false},"excerpt":{"rendered":"<p>La propuesta contar\u00e1 con la participaci\u00f3n de Mateo Salvatto, Emilia Velasco, Gast\u00f3n Greco y Gaspar Gracia Daponte. Ser\u00e1 este martes, en el Centro de Convenciones de Resistencia. Nuevo Banco del Chaco invita a p\u00fablico general, empresas y emprendimientos a participar de la jornada \u201cIdeas que transforman\u201d con Mateo Salvatto, Emilia Velasco, Gast\u00f3n Greco y Gaspar [&hellip;]<\/p>\n","protected":false},"author":1,"featured_media":22449,"comment_status":"closed","ping_status":"closed","sticky":false,"template":"","format":"standard","meta":{"footnotes":""},"categories":[6],"tags":[],"class_list":{"0":"post-22448","1":"post","2":"type-post","3":"status-publish","4":"format-standard","5":"has-post-thumbnail","7":"category-chaco"},"_links":{"self":[{"href":"https:\/\/chacosintesis.com.ar\/index.php\/wp-json\/wp\/v2\/posts\/22448","targetHints":{"allow":["GET"]}}],"collection":[{"href":"https:\/\/chacosintesis.com.ar\/index.php\/wp-json\/wp\/v2\/posts"}],"about":[{"href":"https:\/\/chacosintesis.com.ar\/index.php\/wp-json\/wp\/v2\/types\/post"}],"author":[{"embeddable":true,"href":"https:\/\/chacosintesis.com.ar\/index.php\/wp-json\/wp\/v2\/users\/1"}],"replies":[{"embeddable":true,"href":"https:\/\/chacosintesis.com.ar\/index.php\/wp-json\/wp\/v2\/comments?post=22448"}],"version-history":[{"count":0,"href":"https:\/\/chacosintesis.com.ar\/index.php\/wp-json\/wp\/v2\/posts\/22448\/revisions"}],"wp:featuredmedia":[{"embeddable":true,"href":"https:\/\/chacosintesis.com.ar\/index.php\/wp-json\/wp\/v2\/media\/22449"}],"wp:attachment":[{"href":"https:\/\/chacosintesis.com.ar\/index.php\/wp-json\/wp\/v2\/media?parent=22448"}],"wp:term":[{"taxonomy":"category","embeddable":true,"href":"https:\/\/chacosintesis.com.ar\/index.php\/wp-json\/wp\/v2\/categories?post=22448"},{"taxonomy":"post_tag","embeddable":true,"href":"https:\/\/chacosintesis.com.ar\/index.php\/wp-json\/wp\/v2\/tags?post=22448"}],"curies":[{"name":"wp","href":"https:\/\/api.w.org\/{rel}","templated":true}]}}