{"id":22417,"date":"2023-06-04T11:33:12","date_gmt":"2023-06-04T14:33:12","guid":{"rendered":"https:\/\/chacosintesis.com.ar\/?p=22417"},"modified":"2023-06-04T11:37:21","modified_gmt":"2023-06-04T14:37:21","slug":"polini-escucho-las-necesidades-planteadas-por-jovenes-cristianos","status":"publish","type":"post","link":"https:\/\/chacosintesis.com.ar\/index.php\/polini-escucho-las-necesidades-planteadas-por-jovenes-cristianos\/","title":{"rendered":"Polini escuch\u00f3 las necesidades planteadas por j\u00f3venes cristianos"},"content":{"rendered":"<p>El precandidato a gobernador por la lista 653 A de Juntos por el Cambio, Juan Carlos Polini, particip\u00f3 junto a la legisladora D\u00e9bora Cardozo de un desayuno con j\u00f3venes cristianos, en el marco de un encuentro donde se discutieron diferentes cuestiones vinculadas a este importante sector de la sociedad chaque\u00f1a.<\/p>\n<p>La reuni\u00f3n tuvo lugar en la Iglesia Evang\u00e9lica \u201cSantuario de Fe\u201d y en la oportunidad se gener\u00f3 un di\u00e1logo sobre el rol de las juventudes en la sociedad y la necesidad de generar pol\u00edticas p\u00fablicas que promuevan el trabajo genuino para los j\u00f3venes.<br \/>\nAl referirse al encuentro de este s\u00e1bado, el productor dugratense explic\u00f3 que \u201cle contamos a los j\u00f3venes la visi\u00f3n que tenemos de la provincia y las posibles soluciones a partir del ordenamiento que se requiere. Se trata de gente formada, que pertenecen a la iglesia cristiana y que tambi\u00e9n han planteado las diferentes situaciones problem\u00e1ticas que los aquejan\u201d, agreg\u00f3.<br \/>\nEn esta l\u00ednea, destac\u00f3 la labor de la iglesia como \u201corganismo de contenci\u00f3n social y de protecci\u00f3n, distribuidos a lo largo y ancho de toda la provincia, por lo que para nosotros ser\u00e1 fundamental que forme parte del gobierno\u201d.<br \/>\n En tanto, la diputada provincial D\u00e9bora Cardozo remarc\u00f3 que \u201ctuvimos un encuentro donde el precandidato a gobernador escuch\u00f3 las propuestas de los j\u00f3venes, siempre resaltando la mirada de Juan Carlos Polini para las iglesias cristiana y cat\u00f3lica, con los valores de la familia y la transparencia como premisa de conducta\u201d.<\/p>\n","protected":false},"excerpt":{"rendered":"<p>El precandidato a gobernador por la lista 653 A de Juntos por el Cambio, Juan Carlos Polini, particip\u00f3 junto a la legisladora D\u00e9bora Cardozo de un desayuno con j\u00f3venes cristianos, en el marco de un encuentro donde se discutieron diferentes cuestiones vinculadas a este importante sector de la sociedad chaque\u00f1a. La reuni\u00f3n tuvo lugar en [&hellip;]<\/p>\n","protected":false},"author":1,"featured_media":22418,"comment_status":"closed","ping_status":"closed","sticky":false,"template":"","format":"standard","meta":{"footnotes":""},"categories":[6],"tags":[],"class_list":{"0":"post-22417","1":"post","2":"type-post","3":"status-publish","4":"format-standard","5":"has-post-thumbnail","7":"category-chaco"},"_links":{"self":[{"href":"https:\/\/chacosintesis.com.ar\/index.php\/wp-json\/wp\/v2\/posts\/22417","targetHints":{"allow":["GET"]}}],"collection":[{"href":"https:\/\/chacosintesis.com.ar\/index.php\/wp-json\/wp\/v2\/posts"}],"about":[{"href":"https:\/\/chacosintesis.com.ar\/index.php\/wp-json\/wp\/v2\/types\/post"}],"author":[{"embeddable":true,"href":"https:\/\/chacosintesis.com.ar\/index.php\/wp-json\/wp\/v2\/users\/1"}],"replies":[{"embeddable":true,"href":"https:\/\/chacosintesis.com.ar\/index.php\/wp-json\/wp\/v2\/comments?post=22417"}],"version-history":[{"count":0,"href":"https:\/\/chacosintesis.com.ar\/index.php\/wp-json\/wp\/v2\/posts\/22417\/revisions"}],"wp:featuredmedia":[{"embeddable":true,"href":"https:\/\/chacosintesis.com.ar\/index.php\/wp-json\/wp\/v2\/media\/22418"}],"wp:attachment":[{"href":"https:\/\/chacosintesis.com.ar\/index.php\/wp-json\/wp\/v2\/media?parent=22417"}],"wp:term":[{"taxonomy":"category","embeddable":true,"href":"https:\/\/chacosintesis.com.ar\/index.php\/wp-json\/wp\/v2\/categories?post=22417"},{"taxonomy":"post_tag","embeddable":true,"href":"https:\/\/chacosintesis.com.ar\/index.php\/wp-json\/wp\/v2\/tags?post=22417"}],"curies":[{"name":"wp","href":"https:\/\/api.w.org\/{rel}","templated":true}]}}