{"id":22407,"date":"2023-06-03T11:53:23","date_gmt":"2023-06-03T14:53:23","guid":{"rendered":"https:\/\/chacosintesis.com.ar\/?p=22407"},"modified":"2023-06-03T12:06:48","modified_gmt":"2023-06-03T15:06:48","slug":"un-menor-de-edad-protagonizo-un-siniestro-vial-en-el-macrocentro-de-resistencia","status":"publish","type":"post","link":"https:\/\/chacosintesis.com.ar\/index.php\/un-menor-de-edad-protagonizo-un-siniestro-vial-en-el-macrocentro-de-resistencia\/","title":{"rendered":"Un menor de edad protagoniz\u00f3 un siniestro vial en el macrocentro de Resistencia"},"content":{"rendered":"<p>Pasadas las 4:00 de este s\u00e1bado, un joven de 17 a\u00f1os fue part\u00edcipe de un choque entre un Fiat \u201cPalio\u201d y un Renault \u201cSandero Stepway\u201d en la esquina de avenida \u00c1valos y calle Entre R\u00edos, en el macrocentro de Resistencia.<br \/>\nDe acuerdo a la informaci\u00f3n policial, el menor de edad era el conductor del autom\u00f3vil Renault, mientras que el otro veh\u00edculo era piloteado por una mujer de 37 a\u00f1os.<br \/>\n Adem\u00e1s, desde la seguridad marcaron que ambos \u201cno resultaron lesionados y no desearon atenci\u00f3n m\u00e9dica\u201d, pese a que el autom\u00f3vil Renault termin\u00f3 volcado sobre su techo en la cinta asf\u00e1ltica.<\/p>\n","protected":false},"excerpt":{"rendered":"<p>Pasadas las 4:00 de este s\u00e1bado, un joven de 17 a\u00f1os fue part\u00edcipe de un choque entre un Fiat \u201cPalio\u201d y un Renault \u201cSandero Stepway\u201d en la esquina de avenida \u00c1valos y calle Entre R\u00edos, en el macrocentro de Resistencia. De acuerdo a la informaci\u00f3n policial, el menor de edad era el conductor del autom\u00f3vil [&hellip;]<\/p>\n","protected":false},"author":1,"featured_media":22408,"comment_status":"closed","ping_status":"closed","sticky":false,"template":"","format":"standard","meta":{"footnotes":""},"categories":[6],"tags":[],"class_list":{"0":"post-22407","1":"post","2":"type-post","3":"status-publish","4":"format-standard","5":"has-post-thumbnail","7":"category-chaco"},"_links":{"self":[{"href":"https:\/\/chacosintesis.com.ar\/index.php\/wp-json\/wp\/v2\/posts\/22407","targetHints":{"allow":["GET"]}}],"collection":[{"href":"https:\/\/chacosintesis.com.ar\/index.php\/wp-json\/wp\/v2\/posts"}],"about":[{"href":"https:\/\/chacosintesis.com.ar\/index.php\/wp-json\/wp\/v2\/types\/post"}],"author":[{"embeddable":true,"href":"https:\/\/chacosintesis.com.ar\/index.php\/wp-json\/wp\/v2\/users\/1"}],"replies":[{"embeddable":true,"href":"https:\/\/chacosintesis.com.ar\/index.php\/wp-json\/wp\/v2\/comments?post=22407"}],"version-history":[{"count":0,"href":"https:\/\/chacosintesis.com.ar\/index.php\/wp-json\/wp\/v2\/posts\/22407\/revisions"}],"wp:featuredmedia":[{"embeddable":true,"href":"https:\/\/chacosintesis.com.ar\/index.php\/wp-json\/wp\/v2\/media\/22408"}],"wp:attachment":[{"href":"https:\/\/chacosintesis.com.ar\/index.php\/wp-json\/wp\/v2\/media?parent=22407"}],"wp:term":[{"taxonomy":"category","embeddable":true,"href":"https:\/\/chacosintesis.com.ar\/index.php\/wp-json\/wp\/v2\/categories?post=22407"},{"taxonomy":"post_tag","embeddable":true,"href":"https:\/\/chacosintesis.com.ar\/index.php\/wp-json\/wp\/v2\/tags?post=22407"}],"curies":[{"name":"wp","href":"https:\/\/api.w.org\/{rel}","templated":true}]}}