{"id":22371,"date":"2023-06-02T09:57:00","date_gmt":"2023-06-02T12:57:00","guid":{"rendered":"https:\/\/chacosintesis.com.ar\/?p=22371"},"modified":"2023-06-02T20:50:02","modified_gmt":"2023-06-02T23:50:02","slug":"cuesta-sumo-el-apoyo-de-veteranos-de-guerra-en-la-presentacion-la-lista-665-g-gesta-de-malvinas","status":"publish","type":"post","link":"https:\/\/chacosintesis.com.ar\/index.php\/cuesta-sumo-el-apoyo-de-veteranos-de-guerra-en-la-presentacion-la-lista-665-g-gesta-de-malvinas\/","title":{"rendered":"Cuesta sum\u00f3 el apoyo de veteranos de guerra en la presentaci\u00f3n la lista 665 G Gesta de Malvinas"},"content":{"rendered":"\n<p>Con la premisa de continuar y profundizar el proceso de malvinizaci\u00f3n en la ciudad, la candidata a intendenta de Resistencia por la lista 665 del Frente CER (Corriente de Expresi\u00f3n Renovada), Eli Cuesta, acompa\u00f1\u00f3 la presentaci\u00f3n de las y los candidatos junto a sus propuestas de la lista 665 G de la agrupaci\u00f3n Gesta de Malvinas. Ante veteranos y familiares de los excombatientes, Cuesta se comprometi\u00f3 a trabajar con instituciones educativas y culturales para honrar a estos h\u00e9roes y crear una secretar\u00eda que los contenga con pol\u00edticas p\u00fablicas.<br>\u201cTenemos un objetivo en com\u00fan, el ser humano tiene que estar como eje central de cualquier pol\u00edtica p\u00fablica que llevemos adelante\u201d, se\u00f1al\u00f3 la candidata a jefa comunal.<br>Tras el encuentro, destac\u00f3 el acompa\u00f1amiento y manifest\u00f3 que siente orgullo por ser acompa\u00f1ada por quienes han luchado por la Patria. \u201cMe llena el coraz\u00f3n de orgullo que estos hombres, que para nosotros son h\u00e9roes, y sus familias me acompa\u00f1en a construir juntos una Resistencia mejor, porque han dado todo por nuestras Islas Malvinas y por defender nuestra bandera y quieren seguir aportando con iniciativas y propuestas\u201d, remarc\u00f3.<br>Asimismo, Cuesta resalt\u00f3 que el espacio CER siempre tuvo en claro que la sociedad en su conjunto estar\u00e1 siempre en deuda con sus veteranos y reivindicarlos debe ser una pol\u00edtica de Estado. \u201cMalvinizar no solamente quiere decir dar charlas y concienciar sobre los que estos h\u00e9roes hicieron por la Argentina, sino tambi\u00e9n atenci\u00f3n y contenci\u00f3n para ellos y sus familiares, adem\u00e1s de escucharlos porque tienen mucho que aportar\u201d, asever\u00f3 la candidata del CER.<br>Roberto B\u00e1ez: \u201cConfiamos en Eli y en Gustavo porque siempre dieron la cara\u201d<br>El candidato a presidente del Concejo de la lista 665 G Gesta de Malvinas, Roberto B\u00e1ez, agradeci\u00f3 al Frente CER por el espacio de participaci\u00f3n y brind\u00f3 su apoyo a la candidatura de Eli Cuesta. \u201cLe pido a Dios que no d\u00e9 la fuerza necesaria para mejorar nuestra ciudad, tenemos en claro que es hora de Malvinizar, de aportar todo los que nos queda para transformar la sociedad y atender las demandas, una oportunidad que hace 41 a\u00f1os no tuvimos\u201d, remarc\u00f3.<br>Finalmente, destac\u00f3 que \u201ccon Eli y Gustavo se puede trabajar porque siempre dieron la cara en todos lados y tienen la firme convicci\u00f3n de trabajar para la gente con humildad y compromiso\u201d, asegur\u00f3<\/p>\n","protected":false},"excerpt":{"rendered":"<p>Con la premisa de continuar y profundizar el proceso de malvinizaci\u00f3n en la ciudad, la candidata a intendenta de Resistencia por la lista 665 del Frente CER (Corriente de Expresi\u00f3n Renovada), Eli Cuesta, acompa\u00f1\u00f3 la presentaci\u00f3n de las y los candidatos junto a sus propuestas de la lista 665 G de la agrupaci\u00f3n Gesta de [&hellip;]<\/p>\n","protected":false},"author":1,"featured_media":22372,"comment_status":"closed","ping_status":"closed","sticky":false,"template":"","format":"standard","meta":{"footnotes":""},"categories":[6],"tags":[202],"class_list":{"0":"post-22371","1":"post","2":"type-post","3":"status-publish","4":"format-standard","5":"has-post-thumbnail","7":"category-chaco","8":"tag-legislatura"},"_links":{"self":[{"href":"https:\/\/chacosintesis.com.ar\/index.php\/wp-json\/wp\/v2\/posts\/22371","targetHints":{"allow":["GET"]}}],"collection":[{"href":"https:\/\/chacosintesis.com.ar\/index.php\/wp-json\/wp\/v2\/posts"}],"about":[{"href":"https:\/\/chacosintesis.com.ar\/index.php\/wp-json\/wp\/v2\/types\/post"}],"author":[{"embeddable":true,"href":"https:\/\/chacosintesis.com.ar\/index.php\/wp-json\/wp\/v2\/users\/1"}],"replies":[{"embeddable":true,"href":"https:\/\/chacosintesis.com.ar\/index.php\/wp-json\/wp\/v2\/comments?post=22371"}],"version-history":[{"count":0,"href":"https:\/\/chacosintesis.com.ar\/index.php\/wp-json\/wp\/v2\/posts\/22371\/revisions"}],"wp:featuredmedia":[{"embeddable":true,"href":"https:\/\/chacosintesis.com.ar\/index.php\/wp-json\/wp\/v2\/media\/22372"}],"wp:attachment":[{"href":"https:\/\/chacosintesis.com.ar\/index.php\/wp-json\/wp\/v2\/media?parent=22371"}],"wp:term":[{"taxonomy":"category","embeddable":true,"href":"https:\/\/chacosintesis.com.ar\/index.php\/wp-json\/wp\/v2\/categories?post=22371"},{"taxonomy":"post_tag","embeddable":true,"href":"https:\/\/chacosintesis.com.ar\/index.php\/wp-json\/wp\/v2\/tags?post=22371"}],"curies":[{"name":"wp","href":"https:\/\/api.w.org\/{rel}","templated":true}]}}