{"id":22364,"date":"2023-06-02T11:15:42","date_gmt":"2023-06-02T14:15:42","guid":{"rendered":"https:\/\/chacosintesis.com.ar\/?p=22364"},"modified":"2023-06-02T11:36:42","modified_gmt":"2023-06-02T14:36:42","slug":"prendieron-fuego-intencionalmente-una-vivienda-en-las-brenas-y-se-robaron-varios-elementos","status":"publish","type":"post","link":"https:\/\/chacosintesis.com.ar\/index.php\/prendieron-fuego-intencionalmente-una-vivienda-en-las-brenas-y-se-robaron-varios-elementos\/","title":{"rendered":"Prendieron fuego intencionalmente una vivienda en Las Bre\u00f1as y se robaron varios elementos"},"content":{"rendered":"<p>La due\u00f1a de la propiedad explic\u00f3 que el lugar se encontraba deshabilitado y que no sospecha de nadie que pudo provocar el incendio.<br \/>\n El incendio ocurri\u00f3 durante la madrugada de este viernes en la localidad de Las Bre\u00f1as. Seg\u00fan inform\u00f3 el personal de Bomberos, el origen del foco \u00edgneo se produjo de manera intencional.<\/p>\n<p>Cerca de las 1:10 horas de este viernes, las autoridades policiales de la Comisar\u00eda de Las Bre\u00f1as fueron alertados por un incendio en el barrio Bicentenario.<\/p>\n<p> Ante la situaci\u00f3n, los efectivos se dirigieron hasta el lugar, corroboraron la veracidad de los hechos y alertaron al personal de Bomberos.<\/p>\n<p> En ese contexto, los Bomberos Voluntarios acudieron hasta el barrio y lograron extinguir las llamas de la vivienda. Adem\u00e1s, notificaron el foco \u00edgneo fue provocado intencionalmente.<\/p>\n<p>Luego, los polic\u00edas dialogaron con la propietaria del inmueble, una mujer de 29 a\u00f1os, quien explic\u00f3 que el domicilio se encontraba deshabilitado y que no sospecha de nadie que pudo haber ocasionado el incendio.<\/p>\n<p> Posteriormente, la joven not\u00f3 que faltaba un tubo de gas de 10 kilos de color negro y un bolso con prendas de vestir.<br \/>\nSe labr\u00f3 acta de constataci\u00f3n en el lugar y los agentes invitaron a la mujer a que realice la correspondiente denuncia.<\/p>\n","protected":false},"excerpt":{"rendered":"<p>La due\u00f1a de la propiedad explic\u00f3 que el lugar se encontraba deshabilitado y que no sospecha de nadie que pudo provocar el incendio. El incendio ocurri\u00f3 durante la madrugada de este viernes en la localidad de Las Bre\u00f1as. Seg\u00fan inform\u00f3 el personal de Bomberos, el origen del foco \u00edgneo se produjo de manera intencional. Cerca [&hellip;]<\/p>\n","protected":false},"author":1,"featured_media":22365,"comment_status":"closed","ping_status":"closed","sticky":false,"template":"","format":"standard","meta":{"footnotes":""},"categories":[6],"tags":[],"class_list":{"0":"post-22364","1":"post","2":"type-post","3":"status-publish","4":"format-standard","5":"has-post-thumbnail","7":"category-chaco"},"_links":{"self":[{"href":"https:\/\/chacosintesis.com.ar\/index.php\/wp-json\/wp\/v2\/posts\/22364","targetHints":{"allow":["GET"]}}],"collection":[{"href":"https:\/\/chacosintesis.com.ar\/index.php\/wp-json\/wp\/v2\/posts"}],"about":[{"href":"https:\/\/chacosintesis.com.ar\/index.php\/wp-json\/wp\/v2\/types\/post"}],"author":[{"embeddable":true,"href":"https:\/\/chacosintesis.com.ar\/index.php\/wp-json\/wp\/v2\/users\/1"}],"replies":[{"embeddable":true,"href":"https:\/\/chacosintesis.com.ar\/index.php\/wp-json\/wp\/v2\/comments?post=22364"}],"version-history":[{"count":0,"href":"https:\/\/chacosintesis.com.ar\/index.php\/wp-json\/wp\/v2\/posts\/22364\/revisions"}],"wp:featuredmedia":[{"embeddable":true,"href":"https:\/\/chacosintesis.com.ar\/index.php\/wp-json\/wp\/v2\/media\/22365"}],"wp:attachment":[{"href":"https:\/\/chacosintesis.com.ar\/index.php\/wp-json\/wp\/v2\/media?parent=22364"}],"wp:term":[{"taxonomy":"category","embeddable":true,"href":"https:\/\/chacosintesis.com.ar\/index.php\/wp-json\/wp\/v2\/categories?post=22364"},{"taxonomy":"post_tag","embeddable":true,"href":"https:\/\/chacosintesis.com.ar\/index.php\/wp-json\/wp\/v2\/tags?post=22364"}],"curies":[{"name":"wp","href":"https:\/\/api.w.org\/{rel}","templated":true}]}}