{"id":22358,"date":"2023-06-02T11:09:34","date_gmt":"2023-06-02T14:09:34","guid":{"rendered":"https:\/\/chacosintesis.com.ar\/?p=22358"},"modified":"2023-06-02T11:36:41","modified_gmt":"2023-06-02T14:36:41","slug":"chaco-acumula-6-348-casos-positivos-de-dengue","status":"publish","type":"post","link":"https:\/\/chacosintesis.com.ar\/index.php\/chaco-acumula-6-348-casos-positivos-de-dengue\/","title":{"rendered":"Chaco acumula 6.348 casos positivos de Dengue"},"content":{"rendered":"<p>Desde el 1 de enero en la provincia se reportaron 6.348 casos positivos de Dengue. Contin\u00faan las tareas de control focal y fumigaci\u00f3n en diversos sectores.<br \/>\n El Ministerio de Salud P\u00fablica del Chaco informa que, desde el 1 de enero de 2023 a la fecha, se notificaron en la provincia 6.348 casos positivos de Dengue y 439 se encuentran en estudio.<br \/>\nComo parte de las tareas de control focal, en las \u00faltimas horas se ha visitado y fumigado en domicilio y peridomicilio un total de 128 viviendas correspondientes al barrio Palermo I del \u00c1rea Metropolitana del Gran Resistencia. Mientras que con t\u00e9cnica de fumigaci\u00f3n espacial se intervino en Sargento Cabral y Pueblo Viejo en Villa \u00c1ngela, y en Quinta 65 en Juan Jos\u00e9 Castelli, adem\u00e1s en el AMGR el \u00e1rea comprendida entre las siguientes calles y avenidas: Hernandarias, Jos\u00e9 Mar\u00eda Paz, Freschi; Sarmiento, San Fernando, M. T. de Alvear y Lavalle.<br \/>\nLa cartera sanitaria insta a la poblaci\u00f3n a estar alerta ante la aparici\u00f3n de los siguientes s\u00edntomas: fiebre, dolor de cabeza, dolor detr\u00e1s de los ojos, dolor muscular y de articulaciones, n\u00e1useas o v\u00f3mitos, cansancio extremo, aparici\u00f3n de manchas en la piel, picaz\u00f3n y\/o sangrado en la nariz o enc\u00edas. Asimismo, solicita no automedicarse y acudir de inmediato al hospital o centro de salud m\u00e1s cercano ante la aparici\u00f3n de estos s\u00edntomas.<br \/>\nAdem\u00e1s, el organismo reitera la importancia de eliminar y\/o vaciar cualquier recipiente que acumule o pueda acumular agua en nuestras casas y espacios p\u00fablicos, para evitar la propagaci\u00f3n del mosquito transmisor Aedes aegypti.<\/p>\n","protected":false},"excerpt":{"rendered":"<p>Desde el 1 de enero en la provincia se reportaron 6.348 casos positivos de Dengue. Contin\u00faan las tareas de control focal y fumigaci\u00f3n en diversos sectores. El Ministerio de Salud P\u00fablica del Chaco informa que, desde el 1 de enero de 2023 a la fecha, se notificaron en la provincia 6.348 casos positivos de Dengue [&hellip;]<\/p>\n","protected":false},"author":1,"featured_media":22359,"comment_status":"closed","ping_status":"closed","sticky":false,"template":"","format":"standard","meta":{"footnotes":""},"categories":[6],"tags":[],"class_list":{"0":"post-22358","1":"post","2":"type-post","3":"status-publish","4":"format-standard","5":"has-post-thumbnail","7":"category-chaco"},"_links":{"self":[{"href":"https:\/\/chacosintesis.com.ar\/index.php\/wp-json\/wp\/v2\/posts\/22358","targetHints":{"allow":["GET"]}}],"collection":[{"href":"https:\/\/chacosintesis.com.ar\/index.php\/wp-json\/wp\/v2\/posts"}],"about":[{"href":"https:\/\/chacosintesis.com.ar\/index.php\/wp-json\/wp\/v2\/types\/post"}],"author":[{"embeddable":true,"href":"https:\/\/chacosintesis.com.ar\/index.php\/wp-json\/wp\/v2\/users\/1"}],"replies":[{"embeddable":true,"href":"https:\/\/chacosintesis.com.ar\/index.php\/wp-json\/wp\/v2\/comments?post=22358"}],"version-history":[{"count":0,"href":"https:\/\/chacosintesis.com.ar\/index.php\/wp-json\/wp\/v2\/posts\/22358\/revisions"}],"wp:featuredmedia":[{"embeddable":true,"href":"https:\/\/chacosintesis.com.ar\/index.php\/wp-json\/wp\/v2\/media\/22359"}],"wp:attachment":[{"href":"https:\/\/chacosintesis.com.ar\/index.php\/wp-json\/wp\/v2\/media?parent=22358"}],"wp:term":[{"taxonomy":"category","embeddable":true,"href":"https:\/\/chacosintesis.com.ar\/index.php\/wp-json\/wp\/v2\/categories?post=22358"},{"taxonomy":"post_tag","embeddable":true,"href":"https:\/\/chacosintesis.com.ar\/index.php\/wp-json\/wp\/v2\/tags?post=22358"}],"curies":[{"name":"wp","href":"https:\/\/api.w.org\/{rel}","templated":true}]}}