{"id":22354,"date":"2023-06-02T11:05:45","date_gmt":"2023-06-02T14:05:45","guid":{"rendered":"https:\/\/chacosintesis.com.ar\/?p=22354"},"modified":"2023-06-02T11:07:04","modified_gmt":"2023-06-02T14:07:04","slug":"salgamos-a-defender-al-gobierno-que-recupero-el-salario-fortalecio-la-calidad-educativa-y-construyo-mas-escuelas","status":"publish","type":"post","link":"https:\/\/chacosintesis.com.ar\/index.php\/salgamos-a-defender-al-gobierno-que-recupero-el-salario-fortalecio-la-calidad-educativa-y-construyo-mas-escuelas\/","title":{"rendered":"\u201cSalgamos a defender al gobierno que recuper\u00f3 el salario, fortaleci\u00f3 la calidad educativa y construy\u00f3 m\u00e1s escuelas\u201d"},"content":{"rendered":"<p>Ante un Centro de Convenciones colmado, el gobernador protagoniz\u00f3 un nuevo encuentro sectorial del Frente Chaque\u00f1o. Adelant\u00f3 los ejes sobresalientes del Plan Quinquenal 2023-2027, que tendr\u00e1 a la educaci\u00f3n como prioridad central.<\/p>\n<p>El gobernador Jorge Capitanich encabez\u00f3 este jueves un encuentro con trabajadoras y trabajadores docentes de toda la provincia, a quienes convoc\u00f3 a defender en las urnas el proyecto pol\u00edtico que transform\u00f3 la educaci\u00f3n en el Chaco.<br \/>\n\u201cEste 18 de junio salgamos a defender al gobierno que recuper\u00f3 el salario, fortaleci\u00f3 la calidad educativa y construy\u00f3 m\u00e1s escuelas que nunca en la historia de nuestra provincia\u201d, asegur\u00f3 el mandatario ante un centro de convenciones Gala colmado.<br \/>\nAcompa\u00f1ado por la vicegobernadora Anal\u00eda Rach Quiroga y distintos precandidatos del Frente Chaque\u00f1o, Coqui dijo que este a\u00f1o \u201ctenemos que seguir haciendo del Chaco una provincia que merezca ser vivida, una provincia pujante, que marca el camino en el Norte Grande\u201d.<br \/>\nAdem\u00e1s, explic\u00f3 uno por uno los grandes ejes del Plan Quinquenal 2023-2027 que el Frente Chaque\u00f1o promueve como plataforma electoral y de gesti\u00f3n para la provincia que se viene.<br \/>\n\u201cEl salario docente es una de nuestras m\u00e1ximas prioridades, por eso cumplimos con la cl\u00e1usula gatillo con la premisa fundamental de que el sueldo le gane a la inflaci\u00f3n; y decimos con orgullo que en los \u00faltimos tres a\u00f1os hemos logrado un 60% de recuperaci\u00f3n real del poder adquisitivo de nuestras maestros y nuestros maestros\u201d, dijo.<br \/>\n En paralelo, el gobernador adelant\u00f3 que desde este a\u00f1o se trabajar\u00e1 en la articulaci\u00f3n de un fondo especial, que estar\u00e1 incluido en las paritarias, para la construcci\u00f3n de viviendas que ser\u00e1n adjudicadas a docentes.<br \/>\nEl mandatario y precandidato a un nuevo mandato al frente del Ejecutivo hizo tambi\u00e9n un extenso repaso por los distintos logros de sus diferentes per\u00edodos y remarc\u00f3 como pilares la recuperaci\u00f3n y crecimiento del salario docente; la ampliaci\u00f3n de la infraestructura educativa; el constante incremento de la matr\u00edcula en todos los niveles; el acceso a computadoras por parte de maestros y maestras y estudiantes; la distribuci\u00f3n de m\u00e1s de 830 mil libros de estudio; y el cumplimiento absoluto del art\u00edculo 83 de la Constituci\u00f3n que establece un piso para el financiamiento educativo.<br \/>\n\u201cTenemos un plan, tenemos proyectos, tenemos liderazgo, tenemos un equipo, pero sobre todo, tenemos un pueblo con capacidad que nos acompa\u00f1a y que pide m\u00e1s inclusi\u00f3n, m\u00e1s equidad y m\u00e1s escuelas\u201d, enfatiz\u00f3.<br \/>\n\u201cSomos los \u00fanicos que podemos garantizar aulas abiertas, trabajadores y trabajadoras ense\u00f1ando, alumnos en clase y familias comprometidas con la educaci\u00f3n y con el futuro\u201d, agreg\u00f3 el mandatario.<\/p>\n<p>En su mensaje, el gobernador valor\u00f3 el rol de los gremios y sindicatos, que \u201cdefienden duramente los derechos del sector\u201d, pero que tambi\u00e9n tienen \u201cplena conciencia de lo que significa garantizar una concertaci\u00f3n para lograr metas y objetivos comunes\u201d.<br \/>\nCoqui apunt\u00f3 contra la oposici\u00f3n \u201cque osa decirnos que no nos interesa la educaci\u00f3n de nuestro pueblo, cuando incluso ellos saben muy bien que cumplimos holgadamente con lo que dice la Constituci\u00f3n en materia de financiamiento\u201d.<br \/>\n\u201cY son los docentes quienes saben que son ellos, la oposici\u00f3n, los que ajustaban presupuestos y les pagaban con quebrachos, que los reprim\u00edan en las marchas y manifestaciones y que son los responsables del deterioro salarial que nosotros pudimos revertir\u201d, acot\u00f3.<br \/>\nCapitanich subray\u00f3 la mayor inversi\u00f3n en educaci\u00f3n de la historia de la provincia que se dio a lo largo de sus mandatos al frente del Chaco, pero marc\u00f3 que esa evoluci\u00f3n no se dio \u00fanicamente en mejores salarios sino tambi\u00e9n en el fortalecimiento y la ampliaci\u00f3n de la infraestructura escolar.<br \/>\n\u201cHoy, a trav\u00e9s de nuestro plan, llegamos a superar las 800 escuelas nuevas, ampliadas o refaccionadas a nuevo; eso significa una sola cosa: m\u00e1s educaci\u00f3n de calidad para nuestros alumnos y alumnas\u201d, precis\u00f3.<br \/>\nEn otro pasaje de su discurso, el mandatario resalt\u00f3 otros logros conquistados desde 2007 a esta parte: financiamiento de la Educaci\u00f3n T\u00e9cnica; la recuperaci\u00f3n de los concursos docentes; jornada extendida para el Nivel Primario; potenciaci\u00f3n del Nivel Terciario con fuerte foco en el interior; la construcci\u00f3n de nuevos jardines de infantes; y el Boleto Docente.<br \/>\nAcompa\u00f1aron a Coqui las y los precandidatos a diputados provinciales Mar\u00eda P\u00eda Chiacchio Cavana, Santiago P\u00e9rez Pons y Mar\u00eda de los \u00c1ngeles Phipps; el ministro de Educaci\u00f3n, Aldo Lineras; supervisores generales; directores regionales; y docentes de cada rinc\u00f3n del Chaco.<\/p>\n","protected":false},"excerpt":{"rendered":"<p>Ante un Centro de Convenciones colmado, el gobernador protagoniz\u00f3 un nuevo encuentro sectorial del Frente Chaque\u00f1o. Adelant\u00f3 los ejes sobresalientes del Plan Quinquenal 2023-2027, que tendr\u00e1 a la educaci\u00f3n como prioridad central. El gobernador Jorge Capitanich encabez\u00f3 este jueves un encuentro con trabajadoras y trabajadores docentes de toda la provincia, a quienes convoc\u00f3 a defender [&hellip;]<\/p>\n","protected":false},"author":1,"featured_media":22355,"comment_status":"closed","ping_status":"closed","sticky":false,"template":"","format":"standard","meta":{"footnotes":""},"categories":[6],"tags":[],"class_list":{"0":"post-22354","1":"post","2":"type-post","3":"status-publish","4":"format-standard","5":"has-post-thumbnail","7":"category-chaco"},"_links":{"self":[{"href":"https:\/\/chacosintesis.com.ar\/index.php\/wp-json\/wp\/v2\/posts\/22354","targetHints":{"allow":["GET"]}}],"collection":[{"href":"https:\/\/chacosintesis.com.ar\/index.php\/wp-json\/wp\/v2\/posts"}],"about":[{"href":"https:\/\/chacosintesis.com.ar\/index.php\/wp-json\/wp\/v2\/types\/post"}],"author":[{"embeddable":true,"href":"https:\/\/chacosintesis.com.ar\/index.php\/wp-json\/wp\/v2\/users\/1"}],"replies":[{"embeddable":true,"href":"https:\/\/chacosintesis.com.ar\/index.php\/wp-json\/wp\/v2\/comments?post=22354"}],"version-history":[{"count":0,"href":"https:\/\/chacosintesis.com.ar\/index.php\/wp-json\/wp\/v2\/posts\/22354\/revisions"}],"wp:featuredmedia":[{"embeddable":true,"href":"https:\/\/chacosintesis.com.ar\/index.php\/wp-json\/wp\/v2\/media\/22355"}],"wp:attachment":[{"href":"https:\/\/chacosintesis.com.ar\/index.php\/wp-json\/wp\/v2\/media?parent=22354"}],"wp:term":[{"taxonomy":"category","embeddable":true,"href":"https:\/\/chacosintesis.com.ar\/index.php\/wp-json\/wp\/v2\/categories?post=22354"},{"taxonomy":"post_tag","embeddable":true,"href":"https:\/\/chacosintesis.com.ar\/index.php\/wp-json\/wp\/v2\/tags?post=22354"}],"curies":[{"name":"wp","href":"https:\/\/api.w.org\/{rel}","templated":true}]}}