{"id":22352,"date":"2023-06-02T09:48:47","date_gmt":"2023-06-02T12:48:47","guid":{"rendered":"https:\/\/chacosintesis.com.ar\/?p=22352"},"modified":"2023-06-02T10:07:36","modified_gmt":"2023-06-02T13:07:36","slug":"veranillo-de-san-juan-fin-de-semana-con-altas-temperaturas-para-chaco-a-cuanto-llegara","status":"publish","type":"post","link":"https:\/\/chacosintesis.com.ar\/index.php\/veranillo-de-san-juan-fin-de-semana-con-altas-temperaturas-para-chaco-a-cuanto-llegara\/","title":{"rendered":"\u00bfVeranillo de San Juan? fin de semana con altas temperaturas para Chaco: a cu\u00e1nto llegar\u00e1"},"content":{"rendered":"<p>Tras varios d\u00edas de mucho fr\u00edo, incluso con temperaturas pr\u00f3ximas a los 9 grados, la provincia del Chaco tendr\u00e1 un registro de ascenso en relaci\u00f3n a la t\u00e9rmica. Seg\u00fan el Servicio Meteorol\u00f3gico Nacional, este fin de semana se prev\u00e9n 30 grados de m\u00e1ximas y cielos despejados.<br \/>\nSi campera, buzo o remera para llevar, es el gran dilema que en este momento se presenta en los ciudadanos de la provincia del Chaco. Tras varios d\u00edas de fresco y jornadas pintorezcas propias del oto\u00f1o-invierno, se espera un &#8220;mini verano&#8221; desde este fin de semana hasta la pr\u00f3xima semana.<\/p>\n<p>Seg\u00fan el Servicio Meterol\u00f3gico Nacional (SMN) la temperatura en varias localidades de la provincia tocar\u00e1 un piso de 30 grados de m\u00e1xima.<\/p>\n<p>Viernes: 16 grados de m\u00ednima y 29 de m\u00e1xima.<br \/>\nS\u00e1bado: 19 grados de m\u00ednima y 30 de m\u00e1xima.<br \/>\nDomingo: 20 grados de m\u00ednima y 28 de m\u00e1xima.<\/p>\n<p>Desde el lunes, las temperaturas ser\u00e1n superiores a 15 grados de m\u00ednima y se prev\u00e9 30 de m\u00e1xima durante toda la semana.<\/p>\n<p>Diario22.ar<\/p>\n","protected":false},"excerpt":{"rendered":"<p>Tras varios d\u00edas de mucho fr\u00edo, incluso con temperaturas pr\u00f3ximas a los 9 grados, la provincia del Chaco tendr\u00e1 un registro de ascenso en relaci\u00f3n a la t\u00e9rmica. Seg\u00fan el Servicio Meteorol\u00f3gico Nacional, este fin de semana se prev\u00e9n 30 grados de m\u00e1ximas y cielos despejados. Si campera, buzo o remera para llevar, es el [&hellip;]<\/p>\n","protected":false},"author":1,"featured_media":22353,"comment_status":"closed","ping_status":"closed","sticky":false,"template":"","format":"standard","meta":{"footnotes":""},"categories":[6],"tags":[197],"class_list":{"0":"post-22352","1":"post","2":"type-post","3":"status-publish","4":"format-standard","5":"has-post-thumbnail","7":"category-chaco","8":"tag-destacada"},"_links":{"self":[{"href":"https:\/\/chacosintesis.com.ar\/index.php\/wp-json\/wp\/v2\/posts\/22352","targetHints":{"allow":["GET"]}}],"collection":[{"href":"https:\/\/chacosintesis.com.ar\/index.php\/wp-json\/wp\/v2\/posts"}],"about":[{"href":"https:\/\/chacosintesis.com.ar\/index.php\/wp-json\/wp\/v2\/types\/post"}],"author":[{"embeddable":true,"href":"https:\/\/chacosintesis.com.ar\/index.php\/wp-json\/wp\/v2\/users\/1"}],"replies":[{"embeddable":true,"href":"https:\/\/chacosintesis.com.ar\/index.php\/wp-json\/wp\/v2\/comments?post=22352"}],"version-history":[{"count":0,"href":"https:\/\/chacosintesis.com.ar\/index.php\/wp-json\/wp\/v2\/posts\/22352\/revisions"}],"wp:featuredmedia":[{"embeddable":true,"href":"https:\/\/chacosintesis.com.ar\/index.php\/wp-json\/wp\/v2\/media\/22353"}],"wp:attachment":[{"href":"https:\/\/chacosintesis.com.ar\/index.php\/wp-json\/wp\/v2\/media?parent=22352"}],"wp:term":[{"taxonomy":"category","embeddable":true,"href":"https:\/\/chacosintesis.com.ar\/index.php\/wp-json\/wp\/v2\/categories?post=22352"},{"taxonomy":"post_tag","embeddable":true,"href":"https:\/\/chacosintesis.com.ar\/index.php\/wp-json\/wp\/v2\/tags?post=22352"}],"curies":[{"name":"wp","href":"https:\/\/api.w.org\/{rel}","templated":true}]}}