{"id":22348,"date":"2023-06-01T22:59:23","date_gmt":"2023-06-02T01:59:23","guid":{"rendered":"https:\/\/chacosintesis.com.ar\/?p=22348"},"modified":"2023-06-01T23:07:29","modified_gmt":"2023-06-02T02:07:29","slug":"polini-y-veirave-escucharon-la-problematica-de-farmaceuticos-chaquenos","status":"publish","type":"post","link":"https:\/\/chacosintesis.com.ar\/index.php\/polini-y-veirave-escucharon-la-problematica-de-farmaceuticos-chaquenos\/","title":{"rendered":"Polini y Veirav\u00e9 escucharon la problem\u00e1tica de farmac\u00e9uticos chaque\u00f1os"},"content":{"rendered":"<p>En la ma\u00f1ana de este jueves la f\u00f3rmula de precandidatos para la gobernaci\u00f3n del Chaco, Juan Carlos Polini y Delfina Veirav\u00e9, mantuvo una reuni\u00f3n con Mar\u00eda In\u00e9s Ar\u00e9valo, titular del Colegio de Farmac\u00e9uticos del Chaco. El marco fue propicio para que desde la entidad se plantearan las necesidades del sector y la importancia de avanzar en proyectos que permitan resolverlas.<br \/>\nLuego de la reuni\u00f3n, Polini explic\u00f3 que \u201cfue un encuentro para tomar conocimiento de primera mano de algunas situaciones especiales que vive este colegio, a las cuales seguramente, a partir del 10 de diciembre cuando asumamos la gobernaci\u00f3n, vamos a poder resolver en el \u00e1mbito del di\u00e1logo y de las acciones concretas\u201d.<br \/>\nPor su parte, Mar\u00eda In\u00e9s Ar\u00e9valo se\u00f1al\u00f3 que \u201cJuan Carlos como farmac\u00e9utico conoce la mayor\u00eda de nuestras problem\u00e1ticas, as\u00ed que pudimos plantearle algunas situaciones puntuales que vienen de hace tiempo. Ojal\u00e1 que podamos seguir con este tipo de reuniones y ver si podemos avanzar con alg\u00fan tipo de proyecto para dar respuesta a temas pendientes\u201d, dijo.<br \/>\nEn tanto, Delfina Veirav\u00e9 sostuvo que \u201cnos comprometimos a trabajar sobre una agenda de temas y propuestas que puedan ser incluidas espec\u00edficamente en la plataforma de gobierno que estamos construyendo\u201d.<br \/>\nDe la reuni\u00f3n tambi\u00e9n form\u00f3 parte la concejala de Resistencia, Mar\u00eda Teresa Celada, quien respald\u00f3 las iniciativas de trabajo conjunto planteadas.<\/p>\n","protected":false},"excerpt":{"rendered":"<p>En la ma\u00f1ana de este jueves la f\u00f3rmula de precandidatos para la gobernaci\u00f3n del Chaco, Juan Carlos Polini y Delfina Veirav\u00e9, mantuvo una reuni\u00f3n con Mar\u00eda In\u00e9s Ar\u00e9valo, titular del Colegio de Farmac\u00e9uticos del Chaco. El marco fue propicio para que desde la entidad se plantearan las necesidades del sector y la importancia de avanzar [&hellip;]<\/p>\n","protected":false},"author":1,"featured_media":22349,"comment_status":"closed","ping_status":"closed","sticky":false,"template":"","format":"standard","meta":{"footnotes":""},"categories":[6],"tags":[],"class_list":{"0":"post-22348","1":"post","2":"type-post","3":"status-publish","4":"format-standard","5":"has-post-thumbnail","7":"category-chaco"},"_links":{"self":[{"href":"https:\/\/chacosintesis.com.ar\/index.php\/wp-json\/wp\/v2\/posts\/22348","targetHints":{"allow":["GET"]}}],"collection":[{"href":"https:\/\/chacosintesis.com.ar\/index.php\/wp-json\/wp\/v2\/posts"}],"about":[{"href":"https:\/\/chacosintesis.com.ar\/index.php\/wp-json\/wp\/v2\/types\/post"}],"author":[{"embeddable":true,"href":"https:\/\/chacosintesis.com.ar\/index.php\/wp-json\/wp\/v2\/users\/1"}],"replies":[{"embeddable":true,"href":"https:\/\/chacosintesis.com.ar\/index.php\/wp-json\/wp\/v2\/comments?post=22348"}],"version-history":[{"count":0,"href":"https:\/\/chacosintesis.com.ar\/index.php\/wp-json\/wp\/v2\/posts\/22348\/revisions"}],"wp:featuredmedia":[{"embeddable":true,"href":"https:\/\/chacosintesis.com.ar\/index.php\/wp-json\/wp\/v2\/media\/22349"}],"wp:attachment":[{"href":"https:\/\/chacosintesis.com.ar\/index.php\/wp-json\/wp\/v2\/media?parent=22348"}],"wp:term":[{"taxonomy":"category","embeddable":true,"href":"https:\/\/chacosintesis.com.ar\/index.php\/wp-json\/wp\/v2\/categories?post=22348"},{"taxonomy":"post_tag","embeddable":true,"href":"https:\/\/chacosintesis.com.ar\/index.php\/wp-json\/wp\/v2\/tags?post=22348"}],"curies":[{"name":"wp","href":"https:\/\/api.w.org\/{rel}","templated":true}]}}