{"id":22330,"date":"2023-06-01T17:53:15","date_gmt":"2023-06-01T20:53:15","guid":{"rendered":"https:\/\/chacosintesis.com.ar\/?p=22330"},"modified":"2023-06-01T18:07:06","modified_gmt":"2023-06-01T21:07:06","slug":"juan-carlos-polini-se-reunio-con-la-fepuch","status":"publish","type":"post","link":"https:\/\/chacosintesis.com.ar\/index.php\/juan-carlos-polini-se-reunio-con-la-fepuch\/","title":{"rendered":"Juan Carlos Polini se reuni\u00f3 con la FEPUCH"},"content":{"rendered":"<p>El precandidato para la gobernaci\u00f3n de Juntos por el Cambio, Juan Carlos Polini, mantuvo una reuni\u00f3n con integrantes de la Federaci\u00f3n de Entidades Profesionales Universitarias del Chaco -FEPUCH- para avanzar en una agenda de articulaci\u00f3n de propuestas e ideas destinadas a fortalecer a la entidad.<\/p>\n<p>El productor dugratense, tras el encuentro, remarc\u00f3 que &#8220;se trat\u00f3 de una interesante presentaci\u00f3n que nos permiti\u00f3 intercambiar opiniones, donde pudimos expresar lo que pensamos con Delfina -su vice- que es necesario para nuestra provincia del Chaco&#8221;.<\/p>\n<p>Luego, convoc\u00f3: &#8220;Hacemos el llamado a que las instituciones se preparen para integrar el pr\u00f3ximo gobierno, porque consideramos que es la \u00fanica manera de generar los recursos humanos para provocar ese cambio que tanto esperamos&#8221;.<\/p>\n","protected":false},"excerpt":{"rendered":"<p>El precandidato para la gobernaci\u00f3n de Juntos por el Cambio, Juan Carlos Polini, mantuvo una reuni\u00f3n con integrantes de la Federaci\u00f3n de Entidades Profesionales Universitarias del Chaco -FEPUCH- para avanzar en una agenda de articulaci\u00f3n de propuestas e ideas destinadas a fortalecer a la entidad. El productor dugratense, tras el encuentro, remarc\u00f3 que &#8220;se trat\u00f3 [&hellip;]<\/p>\n","protected":false},"author":1,"featured_media":22331,"comment_status":"closed","ping_status":"closed","sticky":false,"template":"","format":"standard","meta":{"footnotes":""},"categories":[6],"tags":[],"class_list":{"0":"post-22330","1":"post","2":"type-post","3":"status-publish","4":"format-standard","5":"has-post-thumbnail","7":"category-chaco"},"_links":{"self":[{"href":"https:\/\/chacosintesis.com.ar\/index.php\/wp-json\/wp\/v2\/posts\/22330","targetHints":{"allow":["GET"]}}],"collection":[{"href":"https:\/\/chacosintesis.com.ar\/index.php\/wp-json\/wp\/v2\/posts"}],"about":[{"href":"https:\/\/chacosintesis.com.ar\/index.php\/wp-json\/wp\/v2\/types\/post"}],"author":[{"embeddable":true,"href":"https:\/\/chacosintesis.com.ar\/index.php\/wp-json\/wp\/v2\/users\/1"}],"replies":[{"embeddable":true,"href":"https:\/\/chacosintesis.com.ar\/index.php\/wp-json\/wp\/v2\/comments?post=22330"}],"version-history":[{"count":0,"href":"https:\/\/chacosintesis.com.ar\/index.php\/wp-json\/wp\/v2\/posts\/22330\/revisions"}],"wp:featuredmedia":[{"embeddable":true,"href":"https:\/\/chacosintesis.com.ar\/index.php\/wp-json\/wp\/v2\/media\/22331"}],"wp:attachment":[{"href":"https:\/\/chacosintesis.com.ar\/index.php\/wp-json\/wp\/v2\/media?parent=22330"}],"wp:term":[{"taxonomy":"category","embeddable":true,"href":"https:\/\/chacosintesis.com.ar\/index.php\/wp-json\/wp\/v2\/categories?post=22330"},{"taxonomy":"post_tag","embeddable":true,"href":"https:\/\/chacosintesis.com.ar\/index.php\/wp-json\/wp\/v2\/tags?post=22330"}],"curies":[{"name":"wp","href":"https:\/\/api.w.org\/{rel}","templated":true}]}}