{"id":22321,"date":"2023-06-01T09:06:40","date_gmt":"2023-06-01T12:06:40","guid":{"rendered":"https:\/\/chacosintesis.com.ar\/?p=22321"},"modified":"2023-06-01T09:07:05","modified_gmt":"2023-06-01T12:07:05","slug":"comienza-el-juicio-contra-7-policias-por-la-muerte-de-un-detenido-en-saenz-pena","status":"publish","type":"post","link":"https:\/\/chacosintesis.com.ar\/index.php\/comienza-el-juicio-contra-7-policias-por-la-muerte-de-un-detenido-en-saenz-pena\/","title":{"rendered":"Comienza el juicio contra 7 polic\u00edas por la muerte de un detenido en S\u00e0enz Pe\u00f1a"},"content":{"rendered":"<p>Ser\u00e1 este jueves, en la C\u00e1mara Primera en lo Criminal de S\u00e1enz Pe\u00f1a. El hecho ocurri\u00f3 el 20 de agosto de 2016 cuando se produjo un incendio en una celda en la Comisar\u00eda Cuarta donde estaba detenido Fernando Su\u00e1rez. A causa de las grav\u00edsimas quemaduras y del da\u00f1o en sus v\u00edas respiratorias, el joven de 19 a\u00f1os muri\u00f3 al d\u00eda siguiente. Siete polic\u00edas ser\u00e1n enjuiciados por los delitos de &quot;Homicidio Culposo, Falsedad ideol\u00f3gica y Encubrimiento Agravado&quot;. La C\u00e1mara Primera en lo Criminal de S\u00e1enz Pe\u00f1a, a cargo del juez Rodolfo Lineras, comenzar\u00e1 a juzgar a partir de este jueves a siete polic\u00edas de esa localidad por la muerte del joven, Fernando Su\u00e1rez, ocurrida en 2016. El Comit\u00e9 para la Prevenci\u00f3n de la Tortura del Chaco y la Secretar\u00eda de Derechos Humanos son querellantes en la causa. Fernando ten\u00eda 19 a\u00f1os cuando fue detenido el 20 de agosto de 2016, minutos antes de las 17. Padec\u00eda consumos problem\u00e1ticos y su mam\u00e1 lo hab\u00eda denunciado porque la amenaz\u00f3 con una tumbera. Fue alojado en la Comisar\u00eda Cuarta de S\u00e1enz Pe\u00f1a. Seg\u00fan se pudo reconstruir en el expediente, a las 20.25 se produjo el incendio de un colch\u00f3n en su celda lo que le provoc\u00f3 la quemadura del 60% de su cuerpo y grav\u00edsimas lesiones en sus v\u00edas respiratorias. Los polic\u00edas que estaban en la guardia lo retiraron y posteriormente fue trasladado al Hospital 4 de Junio donde muri\u00f3 a la ma\u00f1ana siguiente. De acuerdo al requerimiento de elevaci\u00f3n a juicio formulado por los fiscales Carlos Rescala, de la C\u00e1mara Segunda en lo Criminal, y Silvia Slusar, Adjunta en lo Penal Especial en Derechos Humanos, hubo serias negligencias respecto a los cuidados exigidos para personas privadas de la libertad que est\u00e1n en custodia del Estado. Y no s\u00f3lo eso: se introdujeron datos falsos en dos actas de constataci\u00f3n en el marco de la investigaci\u00f3n del hecho y tambi\u00e9n se hicieron desaparecer dos prendas de vestir que pertenec\u00edan a Fernando. El agente de polic\u00eda, Edgardo Alberto Parra, es el que tiene la imputaci\u00f3n m\u00e1s grave: se lo acusa de homicidio culposo debido a su presunta negligencia en la custodia del detenido. De acuerdo a la acusaci\u00f3n, en ese momento se desempe\u00f1aba como llavero de la Comisar\u00eda Cuarta y ten\u00eda a su cargo la vigilancia de Fernando, quien en ese momento era el \u00fanico preso en toda la unidad policial. La imputaci\u00f3n sostiene que Parra no cumpli\u00f3 con su deber de custodiar a Fernando para evitar que cometa actos que atenten contra su propia vida. De hecho, seg\u00fan la investigaci\u00f3n, mientras ocurr\u00eda el incendio, el agente se encontraba en el sector de objetos secuestrados, lejos del lugar donde estaban las celdas. \u201cUna vez que estall\u00f3 el incendio en la celda, la polic\u00eda no reaccion\u00f3 prontamente si se tiene en cuenta la gravedad de las quemaduras en Fernando, y el intenso humo que produjo el incendio\u201d, se\u00f1alaron los fiscales. Asimismo, se lo imputa a Parra de no haber realizado una correcta requisa al detenido, ya posteriormente, cuando ingres\u00f3 al hospital mal herido, se le encontr\u00f3 a Fernando un encendedor en el bolsillo. Y tambi\u00e9n de ser el responsable de la existencia dentro de la celda de un colch\u00f3n de espuma de poliuretano, siendo que la Ley 1962-J establece que los \u00fanicos que pueden estar en esos lugares son los de material ign\u00edfugo.<br \/>\nEn este sentido, los fiscales recordaron que la Circular Interna N\u00b0 01\/16 dictada en la Comisar\u00eda Cuarta de S\u00e1enz Pe\u00f1a de fecha 14 de enero de 2016, establece con claridad las funciones de los uniformados que se encuentran en funciones de llavero: \u201c(El llavero es) responsable de las personas alojadas por distintos hechos, debiendo controlar el estado de las celdas (seguridad, que no haya objetos peligrosos, etc.), como as\u00ed tambi\u00e9n la salud, y cualquier requerimiento de las personas privadas de su libertad. Toda persona que ingresa alojada deber\u00e1 ser requisadas con el fin de que no ingrese objetos que puedan da\u00f1ar a la misma o al personal policial&quot;. Falsedad ideol\u00f3gica y encubrimiento agravado A Diego Moreyra (oficial principal), Gabriela Garc\u00eda (oficial subayudante) y Javier Edgardo Cardozo (sargento) se los acusa de falsedad ideol\u00f3gica. El Ministerio P\u00fablico Fiscal entendi\u00f3 que los tres participaron en el falseamiento de actas de constataci\u00f3n realizadas en el marco de la investigaci\u00f3n por la muerte de Fernando donde incluyeron datos falsos, con fechas, horas y lugares inexactos. Los mismos testigos que fueron obligados a firmar las actas policiales se encargaron de desmentirlos. Finalmente, al Comisario Principal y jefe de la Comisar\u00eda Cuarta de ese entonces, Javier Ferm\u00edn C\u00f3rdoba y a los polic\u00edas Luis Alberto Almir\u00f3n (cabo) y Ezequiel Dalmacio Sanchez (oficial subayudante), junto a los anteriormente mencionados Moreyra, Cardozo, Garc\u00eda, se los imput\u00f3 por el delito de encubrimiento agravado, en calidad de coautores. A todos se los acusa de haber participado en la eliminaci\u00f3n de dos pruebas clave para la causa. Puntualmente, de una remera mangas cortas color negra y de un buzo con capucha con rayas negras que llevaba puesto Fernando al momento de su detenci\u00f3n. \u201cTeniendo en cuenta los informe m\u00e9dicos realizados a Suarez y la causa de su muerte, las principales lesiones sufridas en su cuerpo fueron en la parte del torso, por lo que la remera mangas cortas negra y un buzo con capucha con rayas negras hubieran sido de gran importancia para determinar la mec\u00e1nica del incendio y las quemaduras sobre el cuerpo de Suarez\u201d, se\u00f1alaron desde la fiscal\u00eda.<\/p>\n","protected":false},"excerpt":{"rendered":"<p>Ser\u00e1 este jueves, en la C\u00e1mara Primera en lo Criminal de S\u00e1enz Pe\u00f1a. El hecho ocurri\u00f3 el 20 de agosto de 2016 cuando se produjo un incendio en una celda en la Comisar\u00eda Cuarta donde estaba detenido Fernando Su\u00e1rez. A causa de las grav\u00edsimas quemaduras y del da\u00f1o en sus v\u00edas respiratorias, el joven de [&hellip;]<\/p>\n","protected":false},"author":1,"featured_media":22322,"comment_status":"closed","ping_status":"closed","sticky":false,"template":"","format":"standard","meta":{"footnotes":""},"categories":[6],"tags":[],"class_list":{"0":"post-22321","1":"post","2":"type-post","3":"status-publish","4":"format-standard","5":"has-post-thumbnail","7":"category-chaco"},"_links":{"self":[{"href":"https:\/\/chacosintesis.com.ar\/index.php\/wp-json\/wp\/v2\/posts\/22321","targetHints":{"allow":["GET"]}}],"collection":[{"href":"https:\/\/chacosintesis.com.ar\/index.php\/wp-json\/wp\/v2\/posts"}],"about":[{"href":"https:\/\/chacosintesis.com.ar\/index.php\/wp-json\/wp\/v2\/types\/post"}],"author":[{"embeddable":true,"href":"https:\/\/chacosintesis.com.ar\/index.php\/wp-json\/wp\/v2\/users\/1"}],"replies":[{"embeddable":true,"href":"https:\/\/chacosintesis.com.ar\/index.php\/wp-json\/wp\/v2\/comments?post=22321"}],"version-history":[{"count":0,"href":"https:\/\/chacosintesis.com.ar\/index.php\/wp-json\/wp\/v2\/posts\/22321\/revisions"}],"wp:featuredmedia":[{"embeddable":true,"href":"https:\/\/chacosintesis.com.ar\/index.php\/wp-json\/wp\/v2\/media\/22322"}],"wp:attachment":[{"href":"https:\/\/chacosintesis.com.ar\/index.php\/wp-json\/wp\/v2\/media?parent=22321"}],"wp:term":[{"taxonomy":"category","embeddable":true,"href":"https:\/\/chacosintesis.com.ar\/index.php\/wp-json\/wp\/v2\/categories?post=22321"},{"taxonomy":"post_tag","embeddable":true,"href":"https:\/\/chacosintesis.com.ar\/index.php\/wp-json\/wp\/v2\/tags?post=22321"}],"curies":[{"name":"wp","href":"https:\/\/api.w.org\/{rel}","templated":true}]}}