{"id":22315,"date":"2023-05-31T17:07:36","date_gmt":"2023-05-31T20:07:36","guid":{"rendered":"https:\/\/chacosintesis.com.ar\/?p=22315"},"modified":"2023-05-31T17:36:48","modified_gmt":"2023-05-31T20:36:48","slug":"la-facultad-de-ciencias-economicas-celebrara-su-aniversario-72-con-actividades-durante-todo-el-mes-de-junio","status":"publish","type":"post","link":"https:\/\/chacosintesis.com.ar\/index.php\/la-facultad-de-ciencias-economicas-celebrara-su-aniversario-72-con-actividades-durante-todo-el-mes-de-junio\/","title":{"rendered":"La Facultad de Ciencias Econ\u00f3micas celebrar\u00e1 su aniversario 72\u00b0 con actividades durante todo el mes de junio"},"content":{"rendered":"<p>Los festejos comenzaron el lunes y continuar\u00e1n el viernes 2 de junio, d\u00eda del graduado y la graduada en Ciencias Econ\u00f3micas. Habr\u00e1 muestra fotogr\u00e1fica, se inaugurar\u00e1 la \u201cSemana Verde\u201d y se realizar\u00e1n actos en la sede de la Unidad Acad\u00e9mica en Resistencia y en el interior de Corrientes, entre otras propuestas.<\/p>\n<p> La Facultad de Ciencias Econ\u00f3micas de la Universidad Nacional del Nordeste (UNNE) cumplir\u00e1 72 a\u00f1os el 5 de junio y lo celebra con diversas propuestas que se extender\u00e1n durante el mes de junio. La restauraci\u00f3n del mural \u201cNacimiento del Chaco\u201d 1967 y el descubrimiento de una placa en reconocimiento al autor Rodolfo Schenone marc\u00f3 el inicio de los festejos.<br \/>\n\u201cEstamos m\u00e1s emocionados que de costumbre\u201d, dijo la decana de la Unidad Acad\u00e9mica, Moira Carri\u00f3, durante el acto que se realiz\u00f3 el lunes a las 19 en el aula 3 de la facultad, en el Campus Resistencia de la UNNE. \u201cLa idea de restaurar y poner en valor este mural, que se pint\u00f3 en 1966, comenz\u00f3 como un proyecto de extensi\u00f3n, y desde la Secretar\u00eda de Extensi\u00f3n de la Facultad y el Centro Cultural Nordeste (CCN), trabajaron luego en una producci\u00f3n audiovisual que refleje la historia de esta importante obra art\u00edstica\u201d, coment\u00f3 sobre la iniciativa con la cual comenzaron los festejos de aniversario.<br \/>\n\u201cPara pintar el mural, primero me plante\u00e9 que era el Chaco. Y la tierra es lo principal en el Chaco. El nacimiento del Chaco, era la tierra Madre. Entonces si era la Tierra Madre, la figura principal de la obra, era una mujer con un ni\u00f1o en brazos. Es el eje de las familias que habitaron el Chaco. Y de ah\u00ed naci\u00f3 la parte econ\u00f3mica y social de la provincia. Por eso de un lado est\u00e1n los hacheros y del otro lado el algod\u00f3n, que eran las dos actividades econ\u00f3micas de ese momento en que nac\u00eda el Chaco, y fue consolid\u00e1ndose para llegar a este momento econ\u00f3mico y social del Chaco. Entonces por eso se llama el Nacimiento del Chaco\u201d, coment\u00f3 en tanto el destacado artista. Del acto participaron distintas autoridades de la UNNE y de la Facultad de Ciencias Econ\u00f3micas.<\/p>\n<p>Cronograma de festejo<br \/>\nLa celebraci\u00f3n contin\u00faa el viernes 2 de junio, d\u00eda del graduado y la graduada en Ciencias Econ\u00f3micas, con la entrega de diplomas a egresados y egresadas de las distintas carreras que se dictan en la facultad. Adem\u00e1s del acto acad\u00e9mico, se inaugurar\u00e1 el nuevo sal\u00f3n auditorio y se exhibir\u00e1 una muestra de pinturas del profesor Schenone, en el hall central del edificio.<br \/>\nEse d\u00eda tambi\u00e9n quedar\u00e1 inaugurada la muestra fotogr\u00e1fica itinerante \u201c40 a\u00f1os de Democracia en Argentina\u201d 1976-1985, organizada desde el Centro Cultural Nordeste (CCN) de la Universidad. La misma podr\u00e1 visitarse durante todo el mes de junio, en las instalaciones de la Unidad Acad\u00e9mica.<br \/>\nEl 5 de junio a las 17, Econ\u00f3micas ser\u00e1 sede de la presentaci\u00f3n de la \u201cSemana Verde\u201d que se organiza desde el Centro de Gesti\u00f3n Ambiental y Ecolog\u00eda -CEGAE\u2013, dependiente de la Coordinaci\u00f3n de Desarrollo Sustentable y Transici\u00f3n Ecol\u00f3gica de la Universidad (CoDeSTE- UNNE). Asimismo, para las 19 est\u00e1 previsto el acto central encabezado por el rector Omar Larroza y las dem\u00e1s autoridades de la UNNE. Adem\u00e1s, a las 20:30 se realizar\u00e1 un brindis de celebraci\u00f3n por el aniversario de la Facultad, con toda la comunidad universitaria.<br \/>\nEl programa de actividades continuar\u00e1 el 15 de junio con las Jornadas de Comunicaciones Cient\u00edficas \u2013 Ciencias Sociales, organizadas cada a\u00f1o por la Secretar\u00eda de Ciencia y T\u00e9cnica de la UNNE. La misma se desarrollar\u00e1 desde las 8 hasta las 18. Por otra parte, a las 19 est\u00e1 prevista la presentaci\u00f3n del Centro PyME de la Unidad Acad\u00e9mica anfitriona.<br \/>\nAsimismo, este mes de festejo cerrar\u00e1 con actividades en Paso de los Libres (Corrientes), donde funciona una Extensi\u00f3n \u00c1ulica de la UNNE. Desde las 17 en la sede de la carrera Licenciatura en Comercio Exterior se realizar\u00e1 un Simposio de Comercio Internacional y Derecho Aduanero. A a las 19:30 tendr\u00e1 lugar un acto en conmemoraci\u00f3n de los 72 a\u00f1os de la Facultad de Ciencias Econ\u00f3micas. La jornada culminar\u00e1 con un brindis previsto para las 21:30.<\/p>\n<p>Fuente: UNNE Medios.<\/p>\n","protected":false},"excerpt":{"rendered":"<p>Los festejos comenzaron el lunes y continuar\u00e1n el viernes 2 de junio, d\u00eda del graduado y la graduada en Ciencias Econ\u00f3micas. Habr\u00e1 muestra fotogr\u00e1fica, se inaugurar\u00e1 la \u201cSemana Verde\u201d y se realizar\u00e1n actos en la sede de la Unidad Acad\u00e9mica en Resistencia y en el interior de Corrientes, entre otras propuestas. La Facultad de Ciencias [&hellip;]<\/p>\n","protected":false},"author":1,"featured_media":22316,"comment_status":"closed","ping_status":"closed","sticky":false,"template":"","format":"standard","meta":{"footnotes":""},"categories":[6],"tags":[],"class_list":{"0":"post-22315","1":"post","2":"type-post","3":"status-publish","4":"format-standard","5":"has-post-thumbnail","7":"category-chaco"},"_links":{"self":[{"href":"https:\/\/chacosintesis.com.ar\/index.php\/wp-json\/wp\/v2\/posts\/22315","targetHints":{"allow":["GET"]}}],"collection":[{"href":"https:\/\/chacosintesis.com.ar\/index.php\/wp-json\/wp\/v2\/posts"}],"about":[{"href":"https:\/\/chacosintesis.com.ar\/index.php\/wp-json\/wp\/v2\/types\/post"}],"author":[{"embeddable":true,"href":"https:\/\/chacosintesis.com.ar\/index.php\/wp-json\/wp\/v2\/users\/1"}],"replies":[{"embeddable":true,"href":"https:\/\/chacosintesis.com.ar\/index.php\/wp-json\/wp\/v2\/comments?post=22315"}],"version-history":[{"count":0,"href":"https:\/\/chacosintesis.com.ar\/index.php\/wp-json\/wp\/v2\/posts\/22315\/revisions"}],"wp:featuredmedia":[{"embeddable":true,"href":"https:\/\/chacosintesis.com.ar\/index.php\/wp-json\/wp\/v2\/media\/22316"}],"wp:attachment":[{"href":"https:\/\/chacosintesis.com.ar\/index.php\/wp-json\/wp\/v2\/media?parent=22315"}],"wp:term":[{"taxonomy":"category","embeddable":true,"href":"https:\/\/chacosintesis.com.ar\/index.php\/wp-json\/wp\/v2\/categories?post=22315"},{"taxonomy":"post_tag","embeddable":true,"href":"https:\/\/chacosintesis.com.ar\/index.php\/wp-json\/wp\/v2\/tags?post=22315"}],"curies":[{"name":"wp","href":"https:\/\/api.w.org\/{rel}","templated":true}]}}