{"id":22298,"date":"2023-05-31T17:05:12","date_gmt":"2023-05-31T20:05:12","guid":{"rendered":"https:\/\/chacosintesis.com.ar\/?p=22298"},"modified":"2023-05-31T17:06:55","modified_gmt":"2023-05-31T20:06:55","slug":"perez-pons-capitanich-ha-construido-una-verdadera-transformacion-del-chaco-en-los-ultimos-anos","status":"publish","type":"post","link":"https:\/\/chacosintesis.com.ar\/index.php\/perez-pons-capitanich-ha-construido-una-verdadera-transformacion-del-chaco-en-los-ultimos-anos\/","title":{"rendered":"Perez Pons: \u201cCapitanich ha construido una verdadera transformaci\u00f3n del Chaco en los \u00faltimos a\u00f1os\u201d"},"content":{"rendered":"<p>El precandidato a diputado provincial del Frente Chaque\u00f1o analiz\u00f3 el panorama electoral de cara a las PASO, y destac\u00f3 que la pol\u00edtica \u201ces la principal herramienta para cambiar la realidad\u201d.<br \/>\n El Frente Chaque\u00f1o contin\u00faa presentando sus propuestas y pol\u00edticas prioritarias de cara a las elecciones primarias, abiertas, simult\u00e1neas y obligatorias (PASO) del pr\u00f3ximo 18 de junio.  \u201cEstamos decididos a ir por la reelecci\u00f3n de nuestro gobernador Jorge Milton Capitanich, por la transformaci\u00f3n que ha construido en el Chaco en todos estos a\u00f1os\u201d, expres\u00f3 el primer precandidato a diputado y actual ministro de Planificaci\u00f3n, Econom\u00eda e Infraestructura, Santiago Perez Pons.<br \/>\nPerez Pons, quien integra la Lista 652 PJC &#8211; 17 de Octubre, destac\u00f3: \u201cSabemos lo que venimos haciendo por la provincia: las obras, el empleo, la transformaci\u00f3n de las juventudes, la defensa de los trabajadores p\u00fablicos. Est\u00e1 claro a quienes representamos y para qui\u00e9n trabajamos\u201d.<br \/>\nA su vez, se mostr\u00f3 convencido del acompa\u00f1amiento del pueblo chaque\u00f1o a la lista que encabeza el gobernador Capitanich y la vicegobernadora, Analia Rach Quiroga: \u201cEl gobernador coloc\u00f3 a dos ministros a la exposici\u00f3n electoral porque estamos convencidos de nuestra gesti\u00f3n, y es por eso que pondremos lo mejor de cada uno para gobernar la provincia durante otros cuatro a\u00f1os. Ojal\u00e1 tenga la oportunidad de entrar a la C\u00e1mara para cambiar muchas cuestiones que me pide la gente\u201d, expres\u00f3.<br \/>\nFinalmente concluy\u00f3 que las elecciones primarias de este 18 de junio van a ser un proceso democr\u00e1tico que requiere una toma de decisiones y que \u201cla pol\u00edtica es la principal herramienta para cambiar la realidad\u201d, haciendo hincapi\u00e9 en la participaci\u00f3n de candidatos j\u00f3venes en este proceso electoral, que acompa\u00f1an el trabajo que viene haciendo esta gesti\u00f3n en la transformaci\u00f3n de la provincia.<\/p>\n","protected":false},"excerpt":{"rendered":"<p>El precandidato a diputado provincial del Frente Chaque\u00f1o analiz\u00f3 el panorama electoral de cara a las PASO, y destac\u00f3 que la pol\u00edtica \u201ces la principal herramienta para cambiar la realidad\u201d. El Frente Chaque\u00f1o contin\u00faa presentando sus propuestas y pol\u00edticas prioritarias de cara a las elecciones primarias, abiertas, simult\u00e1neas y obligatorias (PASO) del pr\u00f3ximo 18 de [&hellip;]<\/p>\n","protected":false},"author":1,"featured_media":22299,"comment_status":"closed","ping_status":"closed","sticky":false,"template":"","format":"standard","meta":{"footnotes":""},"categories":[6],"tags":[],"class_list":{"0":"post-22298","1":"post","2":"type-post","3":"status-publish","4":"format-standard","5":"has-post-thumbnail","7":"category-chaco"},"_links":{"self":[{"href":"https:\/\/chacosintesis.com.ar\/index.php\/wp-json\/wp\/v2\/posts\/22298","targetHints":{"allow":["GET"]}}],"collection":[{"href":"https:\/\/chacosintesis.com.ar\/index.php\/wp-json\/wp\/v2\/posts"}],"about":[{"href":"https:\/\/chacosintesis.com.ar\/index.php\/wp-json\/wp\/v2\/types\/post"}],"author":[{"embeddable":true,"href":"https:\/\/chacosintesis.com.ar\/index.php\/wp-json\/wp\/v2\/users\/1"}],"replies":[{"embeddable":true,"href":"https:\/\/chacosintesis.com.ar\/index.php\/wp-json\/wp\/v2\/comments?post=22298"}],"version-history":[{"count":0,"href":"https:\/\/chacosintesis.com.ar\/index.php\/wp-json\/wp\/v2\/posts\/22298\/revisions"}],"wp:featuredmedia":[{"embeddable":true,"href":"https:\/\/chacosintesis.com.ar\/index.php\/wp-json\/wp\/v2\/media\/22299"}],"wp:attachment":[{"href":"https:\/\/chacosintesis.com.ar\/index.php\/wp-json\/wp\/v2\/media?parent=22298"}],"wp:term":[{"taxonomy":"category","embeddable":true,"href":"https:\/\/chacosintesis.com.ar\/index.php\/wp-json\/wp\/v2\/categories?post=22298"},{"taxonomy":"post_tag","embeddable":true,"href":"https:\/\/chacosintesis.com.ar\/index.php\/wp-json\/wp\/v2\/tags?post=22298"}],"curies":[{"name":"wp","href":"https:\/\/api.w.org\/{rel}","templated":true}]}}