{"id":22260,"date":"2023-05-30T21:50:46","date_gmt":"2023-05-31T00:50:46","guid":{"rendered":"https:\/\/chacosintesis.com.ar\/?p=22260"},"modified":"2023-05-30T22:08:02","modified_gmt":"2023-05-31T01:08:02","slug":"el-frente-chaqueno-definio-su-cronograma-de-actos-de-cierre-de-campana","status":"publish","type":"post","link":"https:\/\/chacosintesis.com.ar\/index.php\/el-frente-chaqueno-definio-su-cronograma-de-actos-de-cierre-de-campana\/","title":{"rendered":"El Frente Chaque\u00f1o defini\u00f3 su cronograma de actos de cierre de campa\u00f1a"},"content":{"rendered":"<p>\u201cUna provincia, miles de corazones\u201d, es la consigna que reunir\u00e1 a vecinas, vecinos y militantes de nueve localidades en 12 actos a lo largo y ancho del territorio chaque\u00f1o.<br \/>\nEl espacio pol\u00edtico liderado por el gobernador Jorge Capitanich y la vicegobernadora Anal\u00eda Rach Quiroga defini\u00f3 el cronograma de actos de cierre de campa\u00f1a de cara a las elecciones primarias, abiertas, simult\u00e1neas y obligatorias del 18 de junio.<br \/>\n\u201cUna provincia, miles de corazones\u201d, es la consigna que reunir\u00e1 a vecinas, vecinos y militantes de nueve localidades en 12 actos a lo largo y ancho del territorio chaque\u00f1o. La recorrida iniciar\u00e1 este s\u00e1bado 3 de junio en la capital chaque\u00f1a, con un acto en Villa R\u00edo Negro.<br \/>\nResistencia continuar\u00e1 como sede de los actos el lunes 5, en el predio de Radio Nacional; el  mi\u00e9rcoles 7 en el Club Parque Independencia y jueves 8 en el barrio Humberto Barbetti. El viernes 9 ser\u00e1 el turno de Villa \u00c1ngela, el s\u00e1bado 10 en Juan Jos\u00e9 Castelli, y el domingo 11 en General San Mart\u00edn.<br \/>\nEl \u00faltimo tramo iniciar\u00e1 el lunes 12 en Machagai, y el martes 13 en una doble jornada en Charata y Las Bre\u00f1as, para luego llegar a S\u00e1enz Pe\u00f1a el mi\u00e9rcoles 14. El cierre ser\u00e1 en la ciudad de Barranqueras el jueves 15.<br \/>\nHacia su pr\u00f3xima gesti\u00f3n, Capitanich y Rach Quiroga implementar\u00e1n el ambicioso Plan Quinquenal 2023-2027 con pol\u00edticas p\u00fablicas en tres ejes: producci\u00f3n y empleo, inclusi\u00f3n social, y gesti\u00f3n p\u00fablica de calidad. El objetivo: completar la infraestructura f\u00edsica y social, consolidar cadenas de valor y promover el empleo privado para transformar a Chaco en una potencia para la regi\u00f3n del Norte Grande Argentino.<br \/>\nTodas las acciones que derivan de estos ejes est\u00e1n alineadas con los objetivos del Plan Chaco 2030, con el Plan Estrat\u00e9gico Territorial (PET 2022) y se enmarcan adem\u00e1s en los objetivos de Desarrollo Sostenible 2030. Una de las metas centrales es lograr que Chaco sea referencia regional en materia de producci\u00f3n agroalimentaria, industrial, energ\u00e9tica, ambiental, tur\u00edstica y cultural.<br \/>\nEl Frente Chaque\u00f1o qued\u00f3 conformado para su participaci\u00f3n en las PASO con la participaci\u00f3n de 28 partidos pol\u00edticos y la adhesi\u00f3n de 50 agrupaciones de toda la provincia.<br \/>\nCronograma de actos<br \/>\nS\u00e1bado 3: Resistencia zona Norte Lunes 5: Resistencia zona Este Mi\u00e9rcoles 7: Resistencia zona Oeste Jueves 8: Resistencia zona Sur Viernes 9: Villa \u00c1ngela S\u00e1bado 10: Juan Jos\u00e9 Castelli Domingo 11: General San Mart\u00edn Lunes 12: Machagai Martes 13: Charata \/ Las Bre\u00f1as Mi\u00e9rcoles 14: Presidencia Roque S\u00e1enz Pe\u00f1a Jueves 15: Barranqueras<\/p>\n","protected":false},"excerpt":{"rendered":"<p>\u201cUna provincia, miles de corazones\u201d, es la consigna que reunir\u00e1 a vecinas, vecinos y militantes de nueve localidades en 12 actos a lo largo y ancho del territorio chaque\u00f1o. El espacio pol\u00edtico liderado por el gobernador Jorge Capitanich y la vicegobernadora Anal\u00eda Rach Quiroga defini\u00f3 el cronograma de actos de cierre de campa\u00f1a de cara [&hellip;]<\/p>\n","protected":false},"author":1,"featured_media":22261,"comment_status":"closed","ping_status":"closed","sticky":false,"template":"","format":"standard","meta":{"footnotes":""},"categories":[6],"tags":[],"class_list":{"0":"post-22260","1":"post","2":"type-post","3":"status-publish","4":"format-standard","5":"has-post-thumbnail","7":"category-chaco"},"_links":{"self":[{"href":"https:\/\/chacosintesis.com.ar\/index.php\/wp-json\/wp\/v2\/posts\/22260","targetHints":{"allow":["GET"]}}],"collection":[{"href":"https:\/\/chacosintesis.com.ar\/index.php\/wp-json\/wp\/v2\/posts"}],"about":[{"href":"https:\/\/chacosintesis.com.ar\/index.php\/wp-json\/wp\/v2\/types\/post"}],"author":[{"embeddable":true,"href":"https:\/\/chacosintesis.com.ar\/index.php\/wp-json\/wp\/v2\/users\/1"}],"replies":[{"embeddable":true,"href":"https:\/\/chacosintesis.com.ar\/index.php\/wp-json\/wp\/v2\/comments?post=22260"}],"version-history":[{"count":0,"href":"https:\/\/chacosintesis.com.ar\/index.php\/wp-json\/wp\/v2\/posts\/22260\/revisions"}],"wp:featuredmedia":[{"embeddable":true,"href":"https:\/\/chacosintesis.com.ar\/index.php\/wp-json\/wp\/v2\/media\/22261"}],"wp:attachment":[{"href":"https:\/\/chacosintesis.com.ar\/index.php\/wp-json\/wp\/v2\/media?parent=22260"}],"wp:term":[{"taxonomy":"category","embeddable":true,"href":"https:\/\/chacosintesis.com.ar\/index.php\/wp-json\/wp\/v2\/categories?post=22260"},{"taxonomy":"post_tag","embeddable":true,"href":"https:\/\/chacosintesis.com.ar\/index.php\/wp-json\/wp\/v2\/tags?post=22260"}],"curies":[{"name":"wp","href":"https:\/\/api.w.org\/{rel}","templated":true}]}}