{"id":22252,"date":"2023-05-30T09:19:20","date_gmt":"2023-05-30T12:19:20","guid":{"rendered":"https:\/\/chacosintesis.com.ar\/?p=22252"},"modified":"2023-05-30T09:37:14","modified_gmt":"2023-05-30T12:37:14","slug":"inauguraron-el-museo-malvinas-de-resistencia-un-renovado-espacio-de-encuentro-y-memoria","status":"publish","type":"post","link":"https:\/\/chacosintesis.com.ar\/index.php\/inauguraron-el-museo-malvinas-de-resistencia-un-renovado-espacio-de-encuentro-y-memoria\/","title":{"rendered":"Inauguraron el Museo Malvinas de Resistencia, un renovado espacio de encuentro y memoria"},"content":{"rendered":"<p>Una inversi\u00f3n provincial superior a los 41 millones de pesos propici\u00f3 la habilitaci\u00f3n de nuevos espacios, ampliando la capacidad antes existente tanto en materia de cantidad de visitantes como de programaci\u00f3n de agenda de actividades sociales y culturales.<br \/>\n El gobernador Jorge Capitanich, junto a la vicegobernadora Anal\u00eda Rach Quiroga y el ministro de Gobierno y Trabajo Juan Manuel Chapo, inaugur\u00f3 este lunes las obras de ampliaci\u00f3n y refacci\u00f3n del \u201cMuseo Malvinas\u201d de Resistencia, incluyendo la habilitaci\u00f3n de nuevos espacios, como salas de exposiciones y de lectura, que ser\u00e1n utilizadas para el desarrollo de distintas actividades de car\u00e1cter cultural y social, incrementando su capacidad de recepci\u00f3n de visitantes y programaci\u00f3n de agenda.<br \/>\n\u201cEs un museo que genera conciencia de car\u00e1cter social y ciudadana en quienes efectivamente lo visitan, para tomar conciencia respecto a nuestra causa, que pretende ser una causa de car\u00e1cter nacional, popular, con plena conciencia democr\u00e1tica y social\u201d, enfatiz\u00f3 el gobernador.<br \/>\nEn este punto, y hablando a los veteranos de Malvinas reiter\u00f3 el objetivo de \u201cgarantizar por la v\u00eda de las negociaciones diplom\u00e1ticas el ejercicio efectivo de nuestra Soberan\u00eda, como corresponde hacerlo despu\u00e9s del enorme esfuerzo de nuestros h\u00e9roes, que son ustedes, que han dejado su vida, su sangre, por la reivindicaci\u00f3n de nuestro territorio patrio\u201d, destac\u00f3.<br \/>\n Por otra parte, el mandatario record\u00f3 el programa vinculado a la realizaci\u00f3n y la ejecuci\u00f3n de obras para centros de veteranos. En ese sentido, repasando los espacios inaugurados en Castelli, Las Garcitas, Margarita Bel\u00e9n, Hermoso Campo, Puerto Tirol y reformas en Villa \u00c1ngela, y adelantando la inauguraci\u00f3n del 8 de junio en General San Mart\u00edn, Capitanich remarc\u00f3: \u201cHay verdaderamente una muy buena infraestructura que tiene que ver con un lugar o un espacio de encuentro para todos y cada uno de ustedes\u201d.<br \/>\nDe este modo, con una inversi\u00f3n provincial de $41.446.269,57, financiados a trav\u00e9s del Ministerio de Planificaci\u00f3n, Econom\u00eda e Infraestructura, la intervenci\u00f3n en el Museo situado en avenida Alberdi 2100 de la Capital chaque\u00f1a, habilita a la instituci\u00f3n a recibir de manera m\u00e1s c\u00f3moda a visitantes y ampliar su agenda y oferta a la comunidad.<br \/>\nAl respecto, el gobernador resalt\u00f3 que cerca de 3.000 estudiantes visitan el museo anualmente y \u201ca partir de ahora estas obras tendr\u00e1 una reformulaci\u00f3n, lo que era un espacio m\u00ednimo, ahora se expande y se extiende, tambi\u00e9n es un espacio para albergar a veteranos de guerra que pueden venir a la ciudad de Resistencia por distintos tr\u00e1mites, eventualmente por alguna enfermedad, as\u00ed que es un espacio muy significativo que tenemos que honrar con la memoria de todos nuestros ca\u00eddos\u201d, finaliz\u00f3.<br \/>\nLa obra de refacci\u00f3n integral del museo de Malvinas de Resistencia constituye un conjunto de espacios que son de mucho valor para repensar nuestra historia. El objeto de dicha obra es reconocer a los excombatientes, su participaci\u00f3n en la gesta que marc\u00f3 a nuestro pa\u00eds y acompa\u00f1arlos con espacios de memoria, educaci\u00f3n y sensibilizaci\u00f3n.<\/p>\n<p>Chapo: un reconocimiento hist\u00f3rico<br \/>\n Al respecto, el ministro de Gobierno y Trabajo, Juan Manuel Chapo celebr\u00f3 esta obra como \u201cun hecho hist\u00f3rico\u201d, adjudicando este logro \u201cgracias a una decisi\u00f3n pol\u00edtica impulsada por el gobernador Capitanich, que interpret\u00f3 el sentir de nuestros excombatientes. Asimismo, consider\u00f3 que \u201cde esta forma, les permitir\u00e1 contar con un espacio de exhibici\u00f3n. que es un s\u00edmbolo de memoria y donde estas generaciones y las futuras podr\u00e1n tener el relato personal de los protagonistas de una historia tan reciente de la Rep\u00fablica Argentina\u201d.<br \/>\nPor otra parte, el ministro remarc\u00f3 la presencia del Gobierno Provincial por la defensa y reivindicaci\u00f3n la causa Malvinas: \u201cCumplimos 41 a\u00f1os de esta gesta y no olvidamos y por eso, estamos presentes en cada pol\u00edtica p\u00fablica, cada decisi\u00f3n y la concreci\u00f3n de esta obra nos emociona y debemos disfrutarla\u201d, finaliz\u00f3.<br \/>\nFinalmente, remarcando que cada uno de estos espacios sirve como puntos de reuni\u00f3n para excombatientes y la organizaci\u00f3n de actividades, charlas, muestras que recuperen los valores de soberan\u00eda y memoria sobre Malvinas, el titular del Ministerio de Gobierno y Trabajo tambi\u00e9n record\u00f3 que, en el marco de inversiones p\u00fablicas para fomentar la generaci\u00f3n de empleo genuino, se incorpor\u00f3 en esta construcci\u00f3n mano de obra local debidamente capacitada.<\/p>\n<p>Un lugar que trasciende a las personas<br \/>\n El presidente del Centro de Ex Combatientes, Mart\u00edn Bacs, agradeci\u00f3 la obra \u201cque parec\u00eda imposible\u201d, asegur\u00f3. En ese contexto, record\u00f3 que el Museo inaugurado en junio de 2013, y que este a\u00f1o cumple 10 a\u00f1os, siempre cont\u00f3 con el acompa\u00f1amiento del Gobierno provincial. \u201cFue el gobierno que estuvo siempre con nosotros, eso hay que reconocerlo, que cuando tuvimos necesidades de personal docente tambi\u00e9n nos tuvo en cuenta, se firmaron convenios con Cultura, que tambi\u00e9n estuvo con nosotros\u201d, destac\u00f3.<br \/>\nEn esa l\u00ednea, Bacs reiter\u00f3 su agradecimiento al gobernador, al ministro de Gobierno y \u201ca todos los que tuvieron que ver con que esto sea una realidad\u201d. \u201cEste lugar que va a reflejar la historia de Malvinas, se trata de un espacio que representa a todos los veteranos de guerra de la provincia y de nuestro pa\u00eds. Nosotros, pasamos, los gobiernos pasan, los hombres pasan, las personas, nosotros alg\u00fan d\u00eda no estaremos, pero esto seguir\u00e1 presente\u201d, concluy\u00f3.<br \/>\nParticiparon del acto, la directora de Medios P\u00fablicos de Ecom Chaco, Guillermina Capitanich; y miembros de la comisi\u00f3n directiva del Centro de Excombatientes, autoridades del Instituto de Cultura de Chaco y familiares de excombatientes.<\/p>\n","protected":false},"excerpt":{"rendered":"<p>Una inversi\u00f3n provincial superior a los 41 millones de pesos propici\u00f3 la habilitaci\u00f3n de nuevos espacios, ampliando la capacidad antes existente tanto en materia de cantidad de visitantes como de programaci\u00f3n de agenda de actividades sociales y culturales. El gobernador Jorge Capitanich, junto a la vicegobernadora Anal\u00eda Rach Quiroga y el ministro de Gobierno y [&hellip;]<\/p>\n","protected":false},"author":1,"featured_media":22253,"comment_status":"closed","ping_status":"closed","sticky":false,"template":"","format":"standard","meta":{"footnotes":""},"categories":[6],"tags":[],"class_list":{"0":"post-22252","1":"post","2":"type-post","3":"status-publish","4":"format-standard","5":"has-post-thumbnail","7":"category-chaco"},"_links":{"self":[{"href":"https:\/\/chacosintesis.com.ar\/index.php\/wp-json\/wp\/v2\/posts\/22252","targetHints":{"allow":["GET"]}}],"collection":[{"href":"https:\/\/chacosintesis.com.ar\/index.php\/wp-json\/wp\/v2\/posts"}],"about":[{"href":"https:\/\/chacosintesis.com.ar\/index.php\/wp-json\/wp\/v2\/types\/post"}],"author":[{"embeddable":true,"href":"https:\/\/chacosintesis.com.ar\/index.php\/wp-json\/wp\/v2\/users\/1"}],"replies":[{"embeddable":true,"href":"https:\/\/chacosintesis.com.ar\/index.php\/wp-json\/wp\/v2\/comments?post=22252"}],"version-history":[{"count":0,"href":"https:\/\/chacosintesis.com.ar\/index.php\/wp-json\/wp\/v2\/posts\/22252\/revisions"}],"wp:featuredmedia":[{"embeddable":true,"href":"https:\/\/chacosintesis.com.ar\/index.php\/wp-json\/wp\/v2\/media\/22253"}],"wp:attachment":[{"href":"https:\/\/chacosintesis.com.ar\/index.php\/wp-json\/wp\/v2\/media?parent=22252"}],"wp:term":[{"taxonomy":"category","embeddable":true,"href":"https:\/\/chacosintesis.com.ar\/index.php\/wp-json\/wp\/v2\/categories?post=22252"},{"taxonomy":"post_tag","embeddable":true,"href":"https:\/\/chacosintesis.com.ar\/index.php\/wp-json\/wp\/v2\/tags?post=22252"}],"curies":[{"name":"wp","href":"https:\/\/api.w.org\/{rel}","templated":true}]}}