{"id":22250,"date":"2023-05-30T07:49:13","date_gmt":"2023-05-30T10:49:13","guid":{"rendered":"https:\/\/chacosintesis.com.ar\/?p=22250"},"modified":"2023-05-30T08:06:37","modified_gmt":"2023-05-30T11:06:37","slug":"el-frente-chaqueno-reunira-a-hacedores-y-hacedoras-culturales-este-martes","status":"publish","type":"post","link":"https:\/\/chacosintesis.com.ar\/index.php\/el-frente-chaqueno-reunira-a-hacedores-y-hacedoras-culturales-este-martes\/","title":{"rendered":"El Frente chaque\u00f1o reunir\u00e1 a hacedores y hacedoras culturales este martes"},"content":{"rendered":"<p>Ser\u00e1 el s\u00e9ptimo congreso del espacio pol\u00edtico conducido por el gobernador, Jorge Capitanich, y la vicegobernadora, Anal\u00eda Rach Quiroga, con el objetivo de debatir acerca de la situaci\u00f3n del sector y las pol\u00edticas necesarias para su desarrollo.<br \/>\nEste martes 30 de mayo el Frente Chaque\u00f1o convocar\u00e1 a un nuevo congreso sectorial. Esta vez el encuentro estar\u00e1 dirigido a hacedores y hacedoras culturales, quienes se reunir\u00e1n desde las 17 en el teatro La M\u00e1scara, de la ciudad de Resistencia.<br \/>\nEl congreso ser\u00e1 una nueva oportunidad de compartir ideas, proyectos y desaf\u00edos de cara a una pr\u00f3xima gesti\u00f3n del gobernador, Jorge Capitanich, y la vicegobernadora, Anal\u00eda Rach Quiroga, en la que se buscar\u00e1 escuchar las voces de las y los protagonistas con el objetivo de definir pol\u00edticas p\u00fablicas que ampl\u00eden derechos.<br \/>\nTransversalidad de la cultura, derechos culturales, y cultura y trabajo ser\u00e1n los ejes para el debate en comisiones, que permitir\u00e1n la construcci\u00f3n de pol\u00edticas p\u00fablicas vinculadas al sector.<br \/>\nSe trata del s\u00e9ptimo encuentro de este tipo, precedido por espacios de debate y reflexi\u00f3n con jubilados y jubiladas en la localidad de Las Bre\u00f1as, referentes de la econom\u00eda popular en Presidencia de la Plaza, productores de la agricultura familiar, en S\u00e1enz Pe\u00f1a; mujeres y diversidades en Resistencia; y Pescadores y ladrilleros en Puerto Vilelas; y jubilados y jubiladas en Barranqueras.<\/p>\n","protected":false},"excerpt":{"rendered":"<p>Ser\u00e1 el s\u00e9ptimo congreso del espacio pol\u00edtico conducido por el gobernador, Jorge Capitanich, y la vicegobernadora, Anal\u00eda Rach Quiroga, con el objetivo de debatir acerca de la situaci\u00f3n del sector y las pol\u00edticas necesarias para su desarrollo. Este martes 30 de mayo el Frente Chaque\u00f1o convocar\u00e1 a un nuevo congreso sectorial. Esta vez el encuentro [&hellip;]<\/p>\n","protected":false},"author":1,"featured_media":22251,"comment_status":"closed","ping_status":"closed","sticky":false,"template":"","format":"standard","meta":{"footnotes":""},"categories":[6],"tags":[],"class_list":{"0":"post-22250","1":"post","2":"type-post","3":"status-publish","4":"format-standard","5":"has-post-thumbnail","7":"category-chaco"},"_links":{"self":[{"href":"https:\/\/chacosintesis.com.ar\/index.php\/wp-json\/wp\/v2\/posts\/22250","targetHints":{"allow":["GET"]}}],"collection":[{"href":"https:\/\/chacosintesis.com.ar\/index.php\/wp-json\/wp\/v2\/posts"}],"about":[{"href":"https:\/\/chacosintesis.com.ar\/index.php\/wp-json\/wp\/v2\/types\/post"}],"author":[{"embeddable":true,"href":"https:\/\/chacosintesis.com.ar\/index.php\/wp-json\/wp\/v2\/users\/1"}],"replies":[{"embeddable":true,"href":"https:\/\/chacosintesis.com.ar\/index.php\/wp-json\/wp\/v2\/comments?post=22250"}],"version-history":[{"count":0,"href":"https:\/\/chacosintesis.com.ar\/index.php\/wp-json\/wp\/v2\/posts\/22250\/revisions"}],"wp:featuredmedia":[{"embeddable":true,"href":"https:\/\/chacosintesis.com.ar\/index.php\/wp-json\/wp\/v2\/media\/22251"}],"wp:attachment":[{"href":"https:\/\/chacosintesis.com.ar\/index.php\/wp-json\/wp\/v2\/media?parent=22250"}],"wp:term":[{"taxonomy":"category","embeddable":true,"href":"https:\/\/chacosintesis.com.ar\/index.php\/wp-json\/wp\/v2\/categories?post=22250"},{"taxonomy":"post_tag","embeddable":true,"href":"https:\/\/chacosintesis.com.ar\/index.php\/wp-json\/wp\/v2\/tags?post=22250"}],"curies":[{"name":"wp","href":"https:\/\/api.w.org\/{rel}","templated":true}]}}