{"id":22240,"date":"2023-05-29T19:25:45","date_gmt":"2023-05-29T22:25:45","guid":{"rendered":"https:\/\/chacosintesis.com.ar\/?p=22240"},"modified":"2023-05-29T19:36:44","modified_gmt":"2023-05-29T22:36:44","slug":"saenz-pena-acusado-por-herir-a-su-hermano-con-un-arma-blanca-un-joven-de-16-anos-termino-detenido","status":"publish","type":"post","link":"https:\/\/chacosintesis.com.ar\/index.php\/saenz-pena-acusado-por-herir-a-su-hermano-con-un-arma-blanca-un-joven-de-16-anos-termino-detenido\/","title":{"rendered":"Saenz Pe\u00f1a: Acusado por herir a su hermano con un arma blanca, un joven de 16 a\u00f1os termin\u00f3 detenido"},"content":{"rendered":"<p>La v\u00edctima es un joven de 22 a\u00f1os, que est\u00e1 internado con \u201cherida de arma blanca en el t\u00f3rax\u201d, seg\u00fan el parte m\u00e9dico. Los efectivos de la Comisaria Tercera de la ciudad termal detuvieron al agresor, de 16 a\u00f1os, e incautaron el arma utilizada.<br \/>\nEste lunes, un joven termin\u00f3 tras las rejas luego de herir con un arma blanca a su hermano. Los agentes de la Comisaria Tercera de S\u00e1enz Pe\u00f1a intervinieron y secuestraron un arma blanca.<br \/>\nCerca de las 13:30, los empleados policiales tomaron conocimiento de que en el hospital 4 de Junio, habr\u00eda ingresado una persona herida con un arma blanca. De inmediato, fueron al lugar, donde constataron que se trataba de un joven de 22 a\u00f1os, quien fue diagnosticado con una \u201cherida de arma blanca en t\u00f3rax izquierdo\u201d.<br \/>\nTras averiguaciones, tomaron conocimiento de que el agresor ser\u00eda el hermano, domiciliado en el Barrio S\u00e1enz Pe\u00f1a. Luego, un m\u00f3vil lleg\u00f3 hasta ese lugar, donde los agentes procedieron a la demora de un joven de 16 a\u00f1os, incautando un cuchillo, que ser\u00eda el arma utilizada.<br \/>\nFinalmente, el demorado, junto al secuestro, fue trasladado a la unidad donde fue notificado de su situaci\u00f3n legal.<\/p>\n","protected":false},"excerpt":{"rendered":"<p>La v\u00edctima es un joven de 22 a\u00f1os, que est\u00e1 internado con \u201cherida de arma blanca en el t\u00f3rax\u201d, seg\u00fan el parte m\u00e9dico. Los efectivos de la Comisaria Tercera de la ciudad termal detuvieron al agresor, de 16 a\u00f1os, e incautaron el arma utilizada. Este lunes, un joven termin\u00f3 tras las rejas luego de herir [&hellip;]<\/p>\n","protected":false},"author":1,"featured_media":22241,"comment_status":"closed","ping_status":"closed","sticky":false,"template":"","format":"standard","meta":{"footnotes":""},"categories":[6],"tags":[],"class_list":{"0":"post-22240","1":"post","2":"type-post","3":"status-publish","4":"format-standard","5":"has-post-thumbnail","7":"category-chaco"},"_links":{"self":[{"href":"https:\/\/chacosintesis.com.ar\/index.php\/wp-json\/wp\/v2\/posts\/22240","targetHints":{"allow":["GET"]}}],"collection":[{"href":"https:\/\/chacosintesis.com.ar\/index.php\/wp-json\/wp\/v2\/posts"}],"about":[{"href":"https:\/\/chacosintesis.com.ar\/index.php\/wp-json\/wp\/v2\/types\/post"}],"author":[{"embeddable":true,"href":"https:\/\/chacosintesis.com.ar\/index.php\/wp-json\/wp\/v2\/users\/1"}],"replies":[{"embeddable":true,"href":"https:\/\/chacosintesis.com.ar\/index.php\/wp-json\/wp\/v2\/comments?post=22240"}],"version-history":[{"count":0,"href":"https:\/\/chacosintesis.com.ar\/index.php\/wp-json\/wp\/v2\/posts\/22240\/revisions"}],"wp:featuredmedia":[{"embeddable":true,"href":"https:\/\/chacosintesis.com.ar\/index.php\/wp-json\/wp\/v2\/media\/22241"}],"wp:attachment":[{"href":"https:\/\/chacosintesis.com.ar\/index.php\/wp-json\/wp\/v2\/media?parent=22240"}],"wp:term":[{"taxonomy":"category","embeddable":true,"href":"https:\/\/chacosintesis.com.ar\/index.php\/wp-json\/wp\/v2\/categories?post=22240"},{"taxonomy":"post_tag","embeddable":true,"href":"https:\/\/chacosintesis.com.ar\/index.php\/wp-json\/wp\/v2\/tags?post=22240"}],"curies":[{"name":"wp","href":"https:\/\/api.w.org\/{rel}","templated":true}]}}