{"id":22232,"date":"2023-05-29T19:14:39","date_gmt":"2023-05-29T22:14:39","guid":{"rendered":"https:\/\/chacosintesis.com.ar\/?p=22232"},"modified":"2023-05-29T19:36:41","modified_gmt":"2023-05-29T22:36:41","slug":"como-parte-del-compromiso-con-la-primera-infancia-mas-de-tres-mil-ninas-y-ninos-disfrutaron-de-una-gran-fiesta","status":"publish","type":"post","link":"https:\/\/chacosintesis.com.ar\/index.php\/como-parte-del-compromiso-con-la-primera-infancia-mas-de-tres-mil-ninas-y-ninos-disfrutaron-de-una-gran-fiesta\/","title":{"rendered":"Como parte del compromiso con la primera infancia, m\u00e1s de tres mil ni\u00f1as y ni\u00f1os disfrutaron de una gran fiesta"},"content":{"rendered":"<p>La vicegobernadora y el ministro de Educaci\u00f3n participaron de la celebraci\u00f3n por el D\u00eda Nacional de los Jardines de Infantes y maestras y maestros de Nivel Inicial en el Polideportivo \u201cJaime Zapata\u201d de Resistencia, donde disfrutaron de una jornada de juegos y recreaci\u00f3n.<br \/>\nLa vicegobernadora Anal\u00eda Rach Quiroga y el ministro de Educaci\u00f3n, Cultura, Ciencia y Tecnolog\u00eda Aldo Lineras encabezaron, este lunes en el Polideportivo &#8220;Jaime Zapata&#8221;, el festejo por el D\u00eda Nacional de los Jardines de Infantes y de la docencia del Nivel Inicial, como cierre de las diferentes celebraciones realizadas durante el mes.<br \/>\nEl 28 de mayo se recuerda esta efem\u00e9ride en homenaje a la educadora argentina Rosario Vera Pe\u00f1aloza, quien propici\u00f3 en el pa\u00eds la ense\u00f1anza en el preescolar. Aproximadamente 3000 ni\u00f1os y ni\u00f1as junto a sus docentes de los jardines de infantes (de gesti\u00f3n estatal y de privada) de Resistencia &#8211; de las Regionales Educativas 10 A y 10 B- participaron de esta fiesta. Los y las infantes junto a sus docentes disfrutaron de la presentaci\u00f3n de varias propuestas art\u00edsticas circenses a cargo de la coordinaci\u00f3n de Javier Thomas, planificador de eventos y coordinador general de Circo Show.<br \/>\nLa vicegobernadora Anal\u00eda Rach Quiroga se\u00f1al\u00f3 la importancia del aprendizaje en la primera infancia a trav\u00e9s del juego con el trabajo y la responsabilidad de las maestras y los maestros, y felicit\u00f3 a la docencia del Nivel Inicial por su compromiso con la educaci\u00f3n de las ni\u00f1as y los ni\u00f1os. \u201cEl Nivel Inicial es el recibimiento al sistema educativo para garantizar una trayectoria escolar adecuada de las ni\u00f1as y los ni\u00f1os (de 3 a 5 a\u00f1os)\u201d, remarc\u00f3.<br \/>\nEl ministro Lineras indic\u00f3 que el objetivo es continuar con la universalizaci\u00f3n de la sala de 5 a\u00f1os, llegar a las de 4 y al 50 por ciento de cobertura en salas de 3.<br \/>\nPara ello se trabaja en la creaci\u00f3n de cargos y recategorizaci\u00f3n de algunos jardines. \u201cHay un gran compromiso y expectativas depositadas en este nivel principalmente por la importancia de una base en el futuro de la educaci\u00f3n\u201d, sostuvo.<br \/>\nAcompa\u00f1aron esta jornada, la directora de Nivel Inicial, Maura Aubert; el director de la Regional Educativa 10 A, Omar Rojo, y la directora de la 10 B, Anal\u00eda Flores. Adem\u00e1s, las supervisoras del nivel, Viviana Blanco, Gabriela Mannino y Mirta Ozuna.<br \/>\nEl pr\u00f3ximo mi\u00e9rcoles 31 de mayo se concretar\u00e1 esta misma actividad en el Polideportivo &#8220;N\u00e9stor Kirchner&#8221; de Fontana, con la participaci\u00f3n de jardines de infantes de la Regional Educativa 10 C.<\/p>\n","protected":false},"excerpt":{"rendered":"<p>La vicegobernadora y el ministro de Educaci\u00f3n participaron de la celebraci\u00f3n por el D\u00eda Nacional de los Jardines de Infantes y maestras y maestros de Nivel Inicial en el Polideportivo \u201cJaime Zapata\u201d de Resistencia, donde disfrutaron de una jornada de juegos y recreaci\u00f3n. La vicegobernadora Anal\u00eda Rach Quiroga y el ministro de Educaci\u00f3n, Cultura, Ciencia [&hellip;]<\/p>\n","protected":false},"author":1,"featured_media":22233,"comment_status":"closed","ping_status":"closed","sticky":false,"template":"","format":"standard","meta":{"footnotes":""},"categories":[6],"tags":[],"class_list":{"0":"post-22232","1":"post","2":"type-post","3":"status-publish","4":"format-standard","5":"has-post-thumbnail","7":"category-chaco"},"_links":{"self":[{"href":"https:\/\/chacosintesis.com.ar\/index.php\/wp-json\/wp\/v2\/posts\/22232","targetHints":{"allow":["GET"]}}],"collection":[{"href":"https:\/\/chacosintesis.com.ar\/index.php\/wp-json\/wp\/v2\/posts"}],"about":[{"href":"https:\/\/chacosintesis.com.ar\/index.php\/wp-json\/wp\/v2\/types\/post"}],"author":[{"embeddable":true,"href":"https:\/\/chacosintesis.com.ar\/index.php\/wp-json\/wp\/v2\/users\/1"}],"replies":[{"embeddable":true,"href":"https:\/\/chacosintesis.com.ar\/index.php\/wp-json\/wp\/v2\/comments?post=22232"}],"version-history":[{"count":0,"href":"https:\/\/chacosintesis.com.ar\/index.php\/wp-json\/wp\/v2\/posts\/22232\/revisions"}],"wp:featuredmedia":[{"embeddable":true,"href":"https:\/\/chacosintesis.com.ar\/index.php\/wp-json\/wp\/v2\/media\/22233"}],"wp:attachment":[{"href":"https:\/\/chacosintesis.com.ar\/index.php\/wp-json\/wp\/v2\/media?parent=22232"}],"wp:term":[{"taxonomy":"category","embeddable":true,"href":"https:\/\/chacosintesis.com.ar\/index.php\/wp-json\/wp\/v2\/categories?post=22232"},{"taxonomy":"post_tag","embeddable":true,"href":"https:\/\/chacosintesis.com.ar\/index.php\/wp-json\/wp\/v2\/tags?post=22232"}],"curies":[{"name":"wp","href":"https:\/\/api.w.org\/{rel}","templated":true}]}}