{"id":22225,"date":"2023-05-29T14:28:00","date_gmt":"2023-05-29T17:28:00","guid":{"rendered":"https:\/\/chacosintesis.com.ar\/?p=22225"},"modified":"2023-05-29T19:20:47","modified_gmt":"2023-05-29T22:20:47","slug":"cuesta-acompano-la-multitudinaria-demostracion-de-fe-en-villa-don-enrique","status":"publish","type":"post","link":"https:\/\/chacosintesis.com.ar\/index.php\/cuesta-acompano-la-multitudinaria-demostracion-de-fe-en-villa-don-enrique\/","title":{"rendered":"Cuesta acompa\u00f1\u00f3 la multitudinaria demostraci\u00f3n de fe en Villa Don Enrique"},"content":{"rendered":"\n<p>La candidata a intendenta de Resistencia de la lista 665 de la Corrientes de Expresi\u00f3n Renovada (CER), Eli Cuesta, particip\u00f3 del Festival de Pentecost\u00e9s desarrollado en el polideportivo de Villa Don Enrique. La festividad religiosa que celebra la venida del Esp\u00edritu Santo convoc\u00f3 a una multitud en una gran manifestaci\u00f3n de fe del pueblo cristiano.<br>Cuesta convoc\u00f3 a las y los vecinos a recuperar la fe y la unidad para construir una ciudad con valores cristianos. \u201cHoy nos reconfortamos en la fe para recuperar la alegr\u00eda. Venimos a agradecer y pedir que el Esp\u00edritu Santo descienda en cada hogar por paz, unidad y amor\u201d, remarc\u00f3.<br>Asimismo, destac\u00f3 la importancia de estar cerca de la gente en cada celebraci\u00f3n popular para compartir la alegr\u00eda del pueblo. \u201cEsta es una fiesta de unidad, de sanaci\u00f3n, y quisimos estar presentes culminando los festejos de la Semana de Mayo con varios n\u00fameros art\u00edsticos con Jorge Suligoy, el Chango Spasiuk, tambi\u00e9n el grupo Quinan Folcklore, artistas chaque\u00f1os y correntinos que demuestran todo el potencial musical que tenemos en la provincia\u201d, manifest\u00f3 la candidata del CER.<br>Adem\u00e1s, Cuesta marc\u00f3 que las fiestas populares dan trabajo a las y los emprendedores, artistas, empresarios y vendedores ambulantes. \u201cEstamos en tiempos dif\u00edciles en lo econ\u00f3mico y sabemos que muchas familias no tienen la posibilidad de acceder a recitales y eventos privados, por eso este esfuerzo del Municipio y el sector privado es muy importante no s\u00f3lo para disfrutar de las y los artistas, sino tambi\u00e9n para que emprendedores, food tracks y vendedores ambulantes puedan trabajar\u201d, concluy\u00f3.<\/p>\n","protected":false},"excerpt":{"rendered":"<p>La candidata a intendenta de Resistencia de la lista 665 de la Corrientes de Expresi\u00f3n Renovada (CER), Eli Cuesta, particip\u00f3 del Festival de Pentecost\u00e9s desarrollado en el polideportivo de Villa Don Enrique. La festividad religiosa que celebra la venida del Esp\u00edritu Santo convoc\u00f3 a una multitud en una gran manifestaci\u00f3n de fe del pueblo cristiano.Cuesta [&hellip;]<\/p>\n","protected":false},"author":1,"featured_media":22226,"comment_status":"closed","ping_status":"closed","sticky":false,"template":"","format":"standard","meta":{"footnotes":""},"categories":[6],"tags":[202],"class_list":{"0":"post-22225","1":"post","2":"type-post","3":"status-publish","4":"format-standard","5":"has-post-thumbnail","7":"category-chaco","8":"tag-legislatura"},"_links":{"self":[{"href":"https:\/\/chacosintesis.com.ar\/index.php\/wp-json\/wp\/v2\/posts\/22225","targetHints":{"allow":["GET"]}}],"collection":[{"href":"https:\/\/chacosintesis.com.ar\/index.php\/wp-json\/wp\/v2\/posts"}],"about":[{"href":"https:\/\/chacosintesis.com.ar\/index.php\/wp-json\/wp\/v2\/types\/post"}],"author":[{"embeddable":true,"href":"https:\/\/chacosintesis.com.ar\/index.php\/wp-json\/wp\/v2\/users\/1"}],"replies":[{"embeddable":true,"href":"https:\/\/chacosintesis.com.ar\/index.php\/wp-json\/wp\/v2\/comments?post=22225"}],"version-history":[{"count":0,"href":"https:\/\/chacosintesis.com.ar\/index.php\/wp-json\/wp\/v2\/posts\/22225\/revisions"}],"wp:featuredmedia":[{"embeddable":true,"href":"https:\/\/chacosintesis.com.ar\/index.php\/wp-json\/wp\/v2\/media\/22226"}],"wp:attachment":[{"href":"https:\/\/chacosintesis.com.ar\/index.php\/wp-json\/wp\/v2\/media?parent=22225"}],"wp:term":[{"taxonomy":"category","embeddable":true,"href":"https:\/\/chacosintesis.com.ar\/index.php\/wp-json\/wp\/v2\/categories?post=22225"},{"taxonomy":"post_tag","embeddable":true,"href":"https:\/\/chacosintesis.com.ar\/index.php\/wp-json\/wp\/v2\/tags?post=22225"}],"curies":[{"name":"wp","href":"https:\/\/api.w.org\/{rel}","templated":true}]}}