{"id":22221,"date":"2023-05-29T19:03:13","date_gmt":"2023-05-29T22:03:13","guid":{"rendered":"https:\/\/chacosintesis.com.ar\/?p=22221"},"modified":"2023-05-29T19:06:57","modified_gmt":"2023-05-29T22:06:57","slug":"capitanich-el-ejercito-argentino-cumple-un-rol-clave-en-la-defensa-de-nuestra-soberania-y-de-nuestros-recursos-estrategicos","status":"publish","type":"post","link":"https:\/\/chacosintesis.com.ar\/index.php\/capitanich-el-ejercito-argentino-cumple-un-rol-clave-en-la-defensa-de-nuestra-soberania-y-de-nuestros-recursos-estrategicos\/","title":{"rendered":"Capitanich: \u201cEl Ej\u00e9rcito Argentino cumple un rol clave en la defensa de nuestra soberan\u00eda y de nuestros recursos estrat\u00e9gicos\u201d"},"content":{"rendered":"<p>En el acto por la conmemoraci\u00f3n del 213\u00b0 aniversario de la creaci\u00f3n del Ej\u00e9rcito Argentino, el gobernador Jorge Capitanich destac\u00f3 el rol de las Fuerzas Armadas y el Ej\u00e9rcito en la protecci\u00f3n de la independencia, los recursos estrat\u00e9gicos y la soberan\u00eda nacional en el sistema democr\u00e1tico actual. \u201cEl Ej\u00e9rcito forma parte de  una alianza indisoluble con el pueblo argentino en la b\u00fasqueda de la grandeza de la Naci\u00f3n,  como un destino com\u00fan que nos convoca a todos\u201d, dijo el gobernador.<br \/>\nEl gobernador Jorge Capitanich, acompa\u00f1ado por la vicegobernadora Analia Rach Quiroga y el comandante de la Brigada de Monte III, Cristian Pafundi, particip\u00f3 del acto por el 213\u00b0 Aniversario de la Creaci\u00f3n del Ej\u00e9rcito Argentino. \u201cConmemoramos el aniversario del Ej\u00e9rcito Argentino reconociendo lo que significa el esp\u00edritu de las fuerzas armadas en un sistema democr\u00e1tico, el reconocimiento expl\u00edcito a la Constituci\u00f3n Nacional y la contribuci\u00f3n a la defensa nacional, a nuestra independencia y soberan\u00eda\u201d, dijo el gobernador.<br \/>\nEn su discurso, el gobernador Capitanich realiz\u00f3 un sucinto detalle de los hechos que desembocaron en la fundaci\u00f3n del Ej\u00e9rcito Argentino el 29 de mayo de 1810, destacando la importancia de las tropas militares en el proceso revolucionario que llev\u00f3 a la independencia del pa\u00eds. Tambi\u00e9n reconoci\u00f3 la importancia fundamental que tiene el Ej\u00e9rcito Argentino en la protecci\u00f3n de la independencia y la soberan\u00eda nacional en el sistema democr\u00e1tico actual.<br \/>\n\u201cHoy nosotros reconocemos efectivamente al Ej\u00e9rcito Argentino no solamente por lo que significa su institucionalizaci\u00f3n, con la formaci\u00f3n y la creaci\u00f3n del ej\u00e9rcito patriota sino tambi\u00e9n lo que significa el esp\u00edritu de las Fuerzas Armadas en un sistema democr\u00e1tico, el reconocimiento expl\u00edcito de la Constituci\u00f3n Nacional y tambi\u00e9n la contribuci\u00f3n a la defensa nacional para proteger nuestra independencia y nuestra soberan\u00eda\u201d, dijo el gobernador.<br \/>\nContexto hist\u00f3rico del nacimiento del Ej\u00e9rcito<\/p>\n<p>En este contexto, Capitanich describi\u00f3 el proceso de organizaci\u00f3n nacional y la complejidad pol\u00edtica de la \u00e9poca, haciendo referencia al nacimiento del ej\u00e9rcito argentino el 29 de mayo de 1810, cuando la Primera Junta de Gobierno reconoci\u00f3 el trabajo de las tropas militares en el proceso revolucionario. Este reconocimiento llev\u00f3 a la elevaci\u00f3n de regimientos a batallones existentes ya la reorganizaci\u00f3n de las unidades en el territorio.<br \/>\nLa Primera Junta de Gobierno cre\u00f3 el departamento de Gobierno y Guerra, a cargo del doctor Mariano Moreno. Captianich destac\u00f3, la importancia de las tropas militares en el proceso revolucionario y su papel en las condiciones que llevaron al proceso independentista ya la formaci\u00f3n de la Naci\u00f3n Argentina.<br \/>\nEl gobernador tambi\u00e9n detall\u00f3 otros eventos  hist\u00f3ricos relevantes, como la declaraci\u00f3n de independencia de las provincias Unidas del R\u00edo de la Plata en 1816 y la incursi\u00f3n del ej\u00e9rcito para defender la integridad territorial y el proceso independentista.<br \/>\nEl gobernador tambi\u00e9n mencion\u00f3 en este contexto el proceso de organizaci\u00f3n nacional en Argentina hasta 1880, cuando se logra el consenso en la Constituci\u00f3n Nacional y se establece un sistema de gobierno reconocido por todos. Se destaca el enfrentamiento civil y la participaci\u00f3n de Julio Argentino Roca en ese per\u00edodo. Tambien mencion\u00f3 la constituci\u00f3n de guardias por parte de las provincias argentinas y el reconocimiento del Colegio Militar.<br \/>\nFinalmente, record\u00f3  la implementaci\u00f3n del sistema de conscripci\u00f3n obligatoria a partir de 1901, que permiti\u00f3 la profesionalizaci\u00f3n y la constituci\u00f3n de las distintas fuerzas en la Rep\u00fablica Argentina.<br \/>\nImportancia estrat\u00e9gica en la defensa nacional y protecci\u00f3n de recursos<\/p>\n<p>Capitanich tambi\u00e9n destac\u00f3  la importancia estrat\u00e9gica de la defensa nacional en Argentina, que abarca la protecci\u00f3n de los recursos naturales, el medio ambiente y la integridad territorial. Expres\u00f3 que en el mundo actual, la geopol\u00edtica y la competencia por el agua como un recurso estrat\u00e9gico pueden generar conflictos.Y  resalt\u00f3 que en Argentina, el agua forma parte de la reserva estrat\u00e9gica de biodiversidad y se resalta la escasez de agua dulce en el mundo, ya que solo representa el 1% de la provisi\u00f3n de agua, siendo vital para la vida humana.<br \/>\nEn este sentido puso \u00e9nfasis en que la defensa de los recursos naturales, como lagunas, r\u00edos y fuentes de agua dulce, es un inter\u00e9s soberano y estrat\u00e9gico para el pa\u00eds.<br \/>\nAdem\u00e1s, se se\u00f1ala que Argentina es un acreedor ambiental debido a la destrucci\u00f3n del medio ambiente por parte de pa\u00edses m\u00e1s desarrollados e industrializados, sin que se generen mecanismos de reparaci\u00f3n. Por lo tanto, la protecci\u00f3n del medio ambiente tambi\u00e9n se considera parte de la defensa estrat\u00e9gica.<br \/>\nFinalmente, Capitanich destac\u00f3 la importancia de preservar la integridad territorial de Argentina como parte fundamental de la defensa nacional.<br \/>\n\u201cLas Fuerzas Armadas, el Ej\u00e9rcito Argentino, forman parte de una instituci\u00f3n indisoluble en la instituci\u00f3n efectiva del pa\u00eds. La defensa estrat\u00e9gica de nuestra soberan\u00eda y de nuestros recursos estrat\u00e9gicos forman parte de una alianza indisoluble entre el ej\u00e9rcito argentino, el pueblo argentino y la grandeza de la naci\u00f3n como un destino com\u00fan que nos convoca a todos\u201d, dijo el gobernador.<br \/>\nParticiparon del acto representantes de las Fuerzas Armadas de Seguridad y Policiales, funcionarios provinciales y municipales, oficiales, suboficiales, soldados y agentes civiles del Ej\u00e9rcito, veteranos y familiares.<br \/>\nUn poco de historia<\/p>\n<p>El 29 de mayo de 1810, la Primera Junta de Gobierno dio nacimiento formal al Ej\u00e9rcito Argentino al reconocer el trabajo de las tropas militares durante el proceso revolucionario, elev\u00f3 a Regimientos a los batallones existentes y reorganiz\u00f3 las unidades dispuestas en todo el territorio.<br \/>\nEn esta proclama, la Primera Junta exalt\u00f3 la actuaci\u00f3n que las tropas militares hab\u00edan tenido en esa semana de mayo tan trascendental para la historia argentina. Fueron pasos fundamentales para la futura independencia y la formaci\u00f3n del Ej\u00e9rcito.<br \/>\nEl d\u00eda anterior (28 de mayo de 1810), se hab\u00eda gestado el Departamento de Gobierno y Guerra, cuyo secretario fue Mariano Moreno. De inmediato, se expidi\u00f3 un bando de la Junta que orden\u00f3 la  entrega de armas de cualquier tipo en poder de los particulares, con el prop\u00f3sito de asegurar el armamento de una fuerza org\u00e1nica.<br \/>\nCon estas medidas, que institucionalizaron las fuerzas existentes, se dieron los primeros pasos hacia la formaci\u00f3n del Ej\u00e9rcito Patriota que luego comenzar\u00eda el camino hacia la Independencia, declarada seis a\u00f1os despu\u00e9s<br \/>\nEl rol clave del Ej\u00e9rcito en la actualidad<\/p>\n<p>En la actualidad, la rama terrestre de las Fuerzas Armadas se ocupa de contribuir a la defensa nacional para proteger nuestra independencia y soberan\u00eda. Adem\u00e1s, quienes lo integran est\u00e1n a cargo de la protecci\u00f3n de los recursos naturales, el medio ambiente y la integridad territorial, as\u00ed como de contribuir con el desarrollo cient\u00edfico, tecnol\u00f3gico, econ\u00f3mico y social, cooperar para el logro del bienestar general de las comunidades, participar en misiones de paz y asistencia humanitaria, y prestar apoyo en la lucha contra el narcoterrorismo.<br \/>\nEn el contexto, durante la emergencia por el COVID19, el Ej\u00e9rcito particip\u00f3 de la activaci\u00f3n de 14 comandos conjuntos de zonas de emergencia y 10 fuerzas de tarea en todo el pa\u00eds, desarrollando acciones de protecci\u00f3n civil en ayuda humanitaria.<\/p>\n<p>El rol clave del Ej\u00e9rcito en la actualidad<\/p>\n<p>En la actualidad, la rama terrestre de las Fuerzas Armadas se ocupa de contribuir a la defensa nacional para proteger nuestra independencia y soberan\u00eda. Adem\u00e1s, quienes lo integran est\u00e1n a cargo de la protecci\u00f3n de los recursos naturales, el medio ambiente y la integridad territorial, as\u00ed como de contribuir con el desarrollo cient\u00edfico, tecnol\u00f3gico, econ\u00f3mico y social, cooperar para el logro del bienestar general de las comunidades, participar en misiones de paz y asistencia humanitaria, y prestar apoyo en la lucha contra el narcoterrorismo.<br \/>\nEn el contexto, durante la emergencia por el COVID19, el Ej\u00e9rcito particip\u00f3 de la activaci\u00f3n de 14 comandos conjuntos de zonas de emergencia y 10 fuerzas de tarea en todo el pa\u00eds, desarrollando acciones de protecci\u00f3n civil en ayuda humanitaria.<\/p>\n","protected":false},"excerpt":{"rendered":"<p>En el acto por la conmemoraci\u00f3n del 213\u00b0 aniversario de la creaci\u00f3n del Ej\u00e9rcito Argentino, el gobernador Jorge Capitanich destac\u00f3 el rol de las Fuerzas Armadas y el Ej\u00e9rcito en la protecci\u00f3n de la independencia, los recursos estrat\u00e9gicos y la soberan\u00eda nacional en el sistema democr\u00e1tico actual. \u201cEl Ej\u00e9rcito forma parte de una alianza indisoluble [&hellip;]<\/p>\n","protected":false},"author":1,"featured_media":22222,"comment_status":"closed","ping_status":"closed","sticky":false,"template":"","format":"standard","meta":{"footnotes":""},"categories":[6],"tags":[],"class_list":{"0":"post-22221","1":"post","2":"type-post","3":"status-publish","4":"format-standard","5":"has-post-thumbnail","7":"category-chaco"},"_links":{"self":[{"href":"https:\/\/chacosintesis.com.ar\/index.php\/wp-json\/wp\/v2\/posts\/22221","targetHints":{"allow":["GET"]}}],"collection":[{"href":"https:\/\/chacosintesis.com.ar\/index.php\/wp-json\/wp\/v2\/posts"}],"about":[{"href":"https:\/\/chacosintesis.com.ar\/index.php\/wp-json\/wp\/v2\/types\/post"}],"author":[{"embeddable":true,"href":"https:\/\/chacosintesis.com.ar\/index.php\/wp-json\/wp\/v2\/users\/1"}],"replies":[{"embeddable":true,"href":"https:\/\/chacosintesis.com.ar\/index.php\/wp-json\/wp\/v2\/comments?post=22221"}],"version-history":[{"count":0,"href":"https:\/\/chacosintesis.com.ar\/index.php\/wp-json\/wp\/v2\/posts\/22221\/revisions"}],"wp:featuredmedia":[{"embeddable":true,"href":"https:\/\/chacosintesis.com.ar\/index.php\/wp-json\/wp\/v2\/media\/22222"}],"wp:attachment":[{"href":"https:\/\/chacosintesis.com.ar\/index.php\/wp-json\/wp\/v2\/media?parent=22221"}],"wp:term":[{"taxonomy":"category","embeddable":true,"href":"https:\/\/chacosintesis.com.ar\/index.php\/wp-json\/wp\/v2\/categories?post=22221"},{"taxonomy":"post_tag","embeddable":true,"href":"https:\/\/chacosintesis.com.ar\/index.php\/wp-json\/wp\/v2\/tags?post=22221"}],"curies":[{"name":"wp","href":"https:\/\/api.w.org\/{rel}","templated":true}]}}