{"id":22217,"date":"2023-05-29T18:56:24","date_gmt":"2023-05-29T21:56:24","guid":{"rendered":"https:\/\/chacosintesis.com.ar\/?p=22217"},"modified":"2023-05-29T19:06:55","modified_gmt":"2023-05-29T22:06:55","slug":"comenzo-el-encuentro-salud-por-la-igualdad-un-espacio-para-pensar-que-necesita-la-salud-publica-del-chaco","status":"publish","type":"post","link":"https:\/\/chacosintesis.com.ar\/index.php\/comenzo-el-encuentro-salud-por-la-igualdad-un-espacio-para-pensar-que-necesita-la-salud-publica-del-chaco\/","title":{"rendered":"Comenz\u00f3 el encuentro \u201cSalud por la igualdad\u201d, un espacio para pensar qu\u00e9 necesita la salud p\u00fablica del Chaco"},"content":{"rendered":"<p>\u201cQuiero agradecer la valent\u00eda, el coraje y la entrega de cada una de las trabajadoras y trabajadores de salud porque siguen adelante con o sin pandemia, con o sin sequ\u00eda, con o sin dengue\u201d, expres\u00f3 Capitanich en su salud de bienvenida. Las conclusiones del encuentro conformar\u00e1n el Plan Quinquenal de Salud P\u00fablica.<br \/>\nEsta ma\u00f1ana, el Convenciones Gala recibi\u00f3 a cientos de trabajadores del sistema sanitario p\u00fablico del Chaco para el Encuentro \u201cSalud por la Igualdad\u201d. En la apertura de esta jornada participaron el gobernador Jorge Capitanich, la vicegobernadora Anal\u00eda Rach Quiroga y los ministros, Carla Vizzotti de Salud de Naci\u00f3n, Carolina Centeno de la cartera sanitaria local y Santiago P\u00e9rez Pons, de la cartera econ\u00f3mica. En este marco se hizo entrega de 12 nuevas ambulancias de traslados, botiquines del Plan Medicar y la presentaci\u00f3n del Plan de Salud Bucal \u201cChaco Sonr\u00ede\u201d, ambos para distintos puntos de la provincia.<br \/>\nEn sus palabras de bienvenida, la ministra Centeno dijo que \u201cen este encuentro vamos a trabajar en comisiones y lo que queremos es que cada uno pueda decir lo que tiene que decir para construir un sistema de salud mejor. Tenemos como objetivo en las comisiones y las mesas de comisiones trabajar tres ejes: primero el modelo de gesti\u00f3n del sistema sanitario; que discutimos dentro del modelo de atenci\u00f3n del sistema sanitario y finalmente, las pol\u00edticas de financiamiento. Queremos que las opiniones sean la base fundamental del Plan Quinquenal de Salud. Los planes quinquenales se construyen con la voz de los trabajadores y trabajadoras, con la voz de la comunidad, y que aqu\u00ed tambi\u00e9n est\u00e1n presentes\u201d.<br \/>\nPor su parte la titular de Salud de Naci\u00f3n, destac\u00f3 lo importante que \u201ces que la salud se quede en el centro de la agenda de gobierno y que los ministros de Salud compartamos mesa con los de Econom\u00eda es muy importante porque la salud es una inversi\u00f3n, que en la gran mayor\u00eda de las veces lo que hace es ahorrar costos en atenci\u00f3n de complicaciones\u201d. Y a\u00f1adi\u00f3: \u201cLa pandemia nos dej\u00f3 claro que desde la salud tenemos que sostener propuestas para que el derecho a la salud sea accesible, de calidad y equitativo, que llegue a cada rinc\u00f3n del pa\u00eds y cada uno reciba lo que necesita\u201d.<br \/>\nEl trabajo en comisiones ser\u00e1 toda la ma\u00f1ana, y al final de la jornada se compartir\u00e1n las conclusiones de cada mesa, que ser\u00e1n tomadas en el dise\u00f1o del Plan Quinquenal de Salud P\u00fablica para el Chaco.<br \/>\nInversi\u00f3n hist\u00f3rica en salud<br \/>\nA su turno, el gobernador remarc\u00f3: \u201cQueremos una salud, con perspectiva de igualdad, de derechos y de oportunidades para todas y todos\u201d.<br \/>\nRespecto del trabajo realizado para el sistema sanitario provincial, Capitanich dijo que \u201cse necesita invertir en salud cuando se promueven pol\u00edticas p\u00fablicas para el desarrollo econ\u00f3mico, para la generaci\u00f3n del empleo formal, para el saneamiento con cloacas, para la universalizaci\u00f3n de la red de agua potable en las zonas urbanas y eso demuestra un indicador claro: la reducci\u00f3n dr\u00e1stica de la mortalidad en el Chaco en los \u00faltimos 22 a\u00f1os, con una ca\u00edda de 27, 4 por 1.000 a 9,4% por 1.000\u201d.<br \/>\nEl mandatario record\u00f3 que \u201cen el per\u00edodo 2000-2007, la inversi\u00f3n en salud estaba por debajo de 7 puntos por participaci\u00f3n porcentual y hoy est\u00e1 en 12 puntos porcentuales del presupuesto p\u00fablico. En 2023 la provincia invertir\u00e1 en salud el equivalente a $96.000.000.000, de los cuales entre insumos y medicamentos ascender\u00e1 a m\u00e1s de $20.000.000.000\u201d.<br \/>\nAmbulancias para garantizar salud<br \/>\nEn el marco del encuentro se realiz\u00f3 la primera entrega de 12 ambulancias adquiridas por el Ministerio de Salud P\u00fablica, de un total de 54. Estas unidades son marca Mercedes Benz y est\u00e1n equipadas con camilla plegable, silla de ruedas ortop\u00e9dica, tubo de ox\u00edgeno en veh\u00edculo y port\u00e1til, kit de emergencia, tabla lumbar, aire acondicionado y calefacci\u00f3n.<br \/>\nEstos veh\u00edculos ser\u00e1n destinados a las localidades de Pampa del Indio, Lapachito, Avia Terai, Villa \u00c1ngela, Villa Berthet, Los Frentones, Taco Pozo, Pampa del Infierno, Tres Isletas, Cnel. Du Graty, Campo Largo y la UCCEM de Resistencia. Esta adquisici\u00f3n demand\u00f3 una inversi\u00f3n de $617.000.000.<br \/>\n\u201cCon las 12 nuevas ambulancias que entregamos hoy llegamos a 303 ambulancias de traslados para la Salud P\u00fablica, y esto significa el m\u00e1ximo nivel de adquisici\u00f3n de veh\u00edculos en la historia del sistema sanitario provincial para garantizar la prestaci\u00f3n eficaz y eficiente del servicio\u201d, explic\u00f3 Capitanich.<br \/>\nChaco Sonr\u00ede<br \/>\nEn el marco del Plan de Salud Bucal, la ministra Centeno remarc\u00f3 que \u201ceste plan ambicioso de m\u00e1s de $75.000.000 cuenta equipamiento de \u00faltima tecnolog\u00eda, con infraestructura sanitaria acorde para los usuarios, la comunidad y la calidad del trabajo sanitario\u201d.<br \/>\nEs as\u00ed como se adquirieron 75 sillones odontol\u00f3gicos nuevos (junto a compresores y autoclaves) para el fortalecimiento de la atenci\u00f3n odontol\u00f3gica en la provincia, de los cuales 13 se ubicaron en el Hospital Odontol\u00f3gico de Resistencia. Hasta el momento la inversi\u00f3n es de $120.000.00.<br \/>\nEste plan de Salud Bucal tambi\u00e9n incluye tres camiones sanitarios de atenci\u00f3n odontol\u00f3gica y laboratorio de pr\u00f3tesis; fortalecimiento del recurso humano, adquisici\u00f3n de equipamiento tecnol\u00f3gico para el tratamiento y rehabilitaci\u00f3n de la boca, realizaci\u00f3n de pr\u00f3tesis dentales de manera gratuita en parajes rurales y zonas remotas de la provincia.<br \/>\nMedicamentos chaque\u00f1os<br \/>\nEn tanto el Plan Medicar, hoy comenz\u00f3 la distribuci\u00f3n de botiquines con 75 medicamentos e insumos que son imprescindibles para la atenci\u00f3n en 200 efectores sanitarios, de los 474 con los que cuenta nuestra provincia. \u201cEsto implica una primera inversi\u00f3n de $500.000.000 y un segundo desembolso de un monto similar, para llegar con botiquines de 25 medicamentos para otros centros de salud complementaria\u201d, explic\u00f3 Capitanich. Y a\u00f1adi\u00f3: \u201cNuestros ejes fundamentales son la salud bucal, salud \u00f3ptica, con la producci\u00f3n de lentes y medicamentos gen\u00e9ricos por parte de los laboratorios chaque\u00f1os. En este sentido, esperamos que para los meses de julio, agosto y septiembre tendremos los primeros niveles de producci\u00f3n con los laboratorios chaque\u00f1os porque estamos propiciando una red de proveedores para abastecer la demanda provincial. Adem\u00e1s queremos garantizar la provisi\u00f3n de barbijos, cofias, camisolines, cubrebotas, gasas y ap\u00f3sitos con la f\u00e1brica de algod\u00f3n hidr\u00f3filo en Las Bre\u00f1as; y tambi\u00e9n se est\u00e1 trabajando para tener soluciones fisiol\u00f3gicas elaboradas en la provincia\u201d.<br \/>\nEstos medicamentos de producci\u00f3n local sirven para el tratamiento del 80% de las enfermedades prevalentes y la mayor porcentaje de consultas ambulatorias en el Primer Nivel de Atenci\u00f3n (PNA). De esta manera, se garantiza la cobertura a m\u00e1s de 800.000 personas que dependen exclusivamente del sector p\u00fablico de salud y su distribuci\u00f3n ser\u00e1 en los centros de salud m\u00e1s alejados de la capital provincial.<\/p>\n","protected":false},"excerpt":{"rendered":"<p>\u201cQuiero agradecer la valent\u00eda, el coraje y la entrega de cada una de las trabajadoras y trabajadores de salud porque siguen adelante con o sin pandemia, con o sin sequ\u00eda, con o sin dengue\u201d, expres\u00f3 Capitanich en su salud de bienvenida. Las conclusiones del encuentro conformar\u00e1n el Plan Quinquenal de Salud P\u00fablica. Esta ma\u00f1ana, el [&hellip;]<\/p>\n","protected":false},"author":1,"featured_media":22218,"comment_status":"closed","ping_status":"closed","sticky":false,"template":"","format":"standard","meta":{"footnotes":""},"categories":[6],"tags":[],"class_list":{"0":"post-22217","1":"post","2":"type-post","3":"status-publish","4":"format-standard","5":"has-post-thumbnail","7":"category-chaco"},"_links":{"self":[{"href":"https:\/\/chacosintesis.com.ar\/index.php\/wp-json\/wp\/v2\/posts\/22217","targetHints":{"allow":["GET"]}}],"collection":[{"href":"https:\/\/chacosintesis.com.ar\/index.php\/wp-json\/wp\/v2\/posts"}],"about":[{"href":"https:\/\/chacosintesis.com.ar\/index.php\/wp-json\/wp\/v2\/types\/post"}],"author":[{"embeddable":true,"href":"https:\/\/chacosintesis.com.ar\/index.php\/wp-json\/wp\/v2\/users\/1"}],"replies":[{"embeddable":true,"href":"https:\/\/chacosintesis.com.ar\/index.php\/wp-json\/wp\/v2\/comments?post=22217"}],"version-history":[{"count":0,"href":"https:\/\/chacosintesis.com.ar\/index.php\/wp-json\/wp\/v2\/posts\/22217\/revisions"}],"wp:featuredmedia":[{"embeddable":true,"href":"https:\/\/chacosintesis.com.ar\/index.php\/wp-json\/wp\/v2\/media\/22218"}],"wp:attachment":[{"href":"https:\/\/chacosintesis.com.ar\/index.php\/wp-json\/wp\/v2\/media?parent=22217"}],"wp:term":[{"taxonomy":"category","embeddable":true,"href":"https:\/\/chacosintesis.com.ar\/index.php\/wp-json\/wp\/v2\/categories?post=22217"},{"taxonomy":"post_tag","embeddable":true,"href":"https:\/\/chacosintesis.com.ar\/index.php\/wp-json\/wp\/v2\/tags?post=22217"}],"curies":[{"name":"wp","href":"https:\/\/api.w.org\/{rel}","templated":true}]}}