{"id":222167,"date":"2026-05-01T20:06:13","date_gmt":"2026-05-01T23:06:13","guid":{"rendered":"https:\/\/chacosintesis.com.ar\/index.php\/solida-clasificacion-de-franco-colapinto-que-largara-8-el-sprint-de-miami-de-la-formula-1\/"},"modified":"2026-05-01T20:06:13","modified_gmt":"2026-05-01T23:06:13","slug":"solida-clasificacion-de-franco-colapinto-que-largara-8-el-sprint-de-miami-de-la-formula-1","status":"publish","type":"post","link":"https:\/\/chacosintesis.com.ar\/index.php\/solida-clasificacion-de-franco-colapinto-que-largara-8-el-sprint-de-miami-de-la-formula-1\/","title":{"rendered":"S\u00f3lida clasificaci\u00f3n de Franco Colapinto, que largar\u00e1 8\u00b0 el Sprint de Miami de la F\u00f3rmula 1"},"content":{"rendered":"<p><\/p>\n<div>\t\t<!-- { REGION4 --> <\/p>\n<header class=\"news-headline\">\n<h2 class=\"news-headline__article-summary\">\t\t<\/h2>\n<p id=\"p-1777469272746-44093\" class=\"ignore-parser\">Super\u00f3 a su compa\u00f1ero de Alpine, Pierre Gasly, que iniciar\u00e1 10\u00b0. &#8220;Fuimos r\u00e1pidos desde el principio&#8221;, dijo el argentino.<\/p>\n<\/header>\n<div class=\"detail-highlighted-multimedia content-protected-false\">\n<figure class=\"detail-highlighted-multimedia__figure\">  <img fetchpriority=\"high\" decoding=\"async\" src=\"data:image\/gif;base64,R0lGODlhAQABAIAAAAAAAP\/\/\/ywAAAAAAQABAAACAUwAOw==\" fifu-lazy=\"1\" fifu-data-sizes=\"auto\" fifu-data-srcset=\"https:\/\/i3.wp.com\/chacosintesis.com.ar\/wp-content\/uploads\/2026\/05\/Solida-clasificacion-de-Franco-Colapinto-que-largara-8\u00b0-el-Sprint.jpg?ssl=1&w=75&resize=75&ssl=1 75w, https:\/\/i3.wp.com\/chacosintesis.com.ar\/wp-content\/uploads\/2026\/05\/Solida-clasificacion-de-Franco-Colapinto-que-largara-8\u00b0-el-Sprint.jpg?ssl=1&w=100&resize=100&ssl=1 100w, https:\/\/i3.wp.com\/chacosintesis.com.ar\/wp-content\/uploads\/2026\/05\/Solida-clasificacion-de-Franco-Colapinto-que-largara-8\u00b0-el-Sprint.jpg?ssl=1&w=150&resize=150&ssl=1 150w, https:\/\/i3.wp.com\/chacosintesis.com.ar\/wp-content\/uploads\/2026\/05\/Solida-clasificacion-de-Franco-Colapinto-que-largara-8\u00b0-el-Sprint.jpg?ssl=1&w=240&resize=240&ssl=1 240w, https:\/\/i3.wp.com\/chacosintesis.com.ar\/wp-content\/uploads\/2026\/05\/Solida-clasificacion-de-Franco-Colapinto-que-largara-8\u00b0-el-Sprint.jpg?ssl=1&w=320&resize=320&ssl=1 320w, https:\/\/i3.wp.com\/chacosintesis.com.ar\/wp-content\/uploads\/2026\/05\/Solida-clasificacion-de-Franco-Colapinto-que-largara-8\u00b0-el-Sprint.jpg?ssl=1&w=500&resize=500&ssl=1 500w, https:\/\/i3.wp.com\/chacosintesis.com.ar\/wp-content\/uploads\/2026\/05\/Solida-clasificacion-de-Franco-Colapinto-que-largara-8\u00b0-el-Sprint.jpg?ssl=1&w=640&resize=640&ssl=1 640w, https:\/\/i3.wp.com\/chacosintesis.com.ar\/wp-content\/uploads\/2026\/05\/Solida-clasificacion-de-Franco-Colapinto-que-largara-8\u00b0-el-Sprint.jpg?ssl=1&w=800&resize=800&ssl=1 800w, https:\/\/i3.wp.com\/chacosintesis.com.ar\/wp-content\/uploads\/2026\/05\/Solida-clasificacion-de-Franco-Colapinto-que-largara-8\u00b0-el-Sprint.jpg?ssl=1&w=1024&resize=1024&ssl=1 1024w, https:\/\/i3.wp.com\/chacosintesis.com.ar\/wp-content\/uploads\/2026\/05\/Solida-clasificacion-de-Franco-Colapinto-que-largara-8\u00b0-el-Sprint.jpg?ssl=1&w=1280&resize=1280&ssl=1 1280w, https:\/\/i3.wp.com\/chacosintesis.com.ar\/wp-content\/uploads\/2026\/05\/Solida-clasificacion-de-Franco-Colapinto-que-largara-8\u00b0-el-Sprint.jpg?ssl=1&w=1600&resize=1600&ssl=1 1600w\" fifu-data-src=\"https:\/\/i3.wp.com\/chacosintesis.com.ar\/wp-content\/uploads\/2026\/05\/Solida-clasificacion-de-Franco-Colapinto-que-largara-8\u00b0-el-Sprint.jpg?ssl=1\" class=\"detail-highlighted-multimedia__figure-img img-fluid\" alt=\"El Gran Premio de Miami pone primera e incorpora el formato sprint.\" width=\"4096\" height=\"2731\" crossorigin=\"anonymous\" fetchpriority=\"high\" decode=\"async\"\/><figcaption class=\"detail-highlighted-multimedia__figcaption\">  <span class=\"detail-highlighted-multimedia__copyright\">@F1<\/span><\/figcaption><\/figure>\n<\/div>\n<article class=\"article-body article-body--first-paragraph content-protected-false\" data-td-script-src=\"https:\/\/www.ambito.com\/td\/modulos\/encuestas\/js\/function-embeds-min-version-1777608493.js\">\n<p id=\"p-1777469445070-13902\" data-start=\"18\" data-end=\"412\">Despu\u00e9s de varias semanas sin actividad, la <strong><a href=\"https:\/\/www.ambito.com\/deportes\/flavio-briatore-elogio-franco-colapinto-el-impacto-del-show-buenos-aires-n6271158\" target=\"_blank\" rel=\"follow\">F\u00f3rmula 1<\/a><\/strong> retom\u00f3 su calendario con la clasificaci\u00f3n de una de las fechas m\u00e1s esperadas del a\u00f1o: el <strong>Gran Premio de Miami<\/strong>. All\u00ed, <strong>Franco Colapinto <\/strong>tuvo su mejor desempe\u00f1o desde que lleg\u00f3 a <strong>Alpine<\/strong>, alcanz\u00f3 la Q3 y largar\u00e1 el <strong>Sprint desde la 8\u00b0 colocaci\u00f3n<\/strong>, algo que s\u00f3lo hab\u00eda conseguido en Bak\u00fa 2024.<\/p>\n<\/article>\n<section class=\"suscription-false printed-edition\" style=\"display:none\">\n<p> El contenido al que quiere acceder es exclusivo para suscriptores.<\/p>\n<p>  <span> <button type=\"button\" name=\"button\" class=\"subscribe-btn mercadopago-btn\">suscribirse<\/button><\/span>  <span class=\"btns\"><button type=\"button\" name=\"button\" class=\"subscribe-btn reload-login\"> ya estoy suscripto<\/button><\/span>  <\/p>\n<\/section>\n<article class=\"article-body article-body--second-paragraph content-protected-false\">\n<p id=\"p-1777671947807-54879\" data-start=\"18\" data-end=\"412\">&#8220;Fue todo m\u00e1s complicado de lo normal pero<strong> fuimos r\u00e1pidos desde el principio.<\/strong> Fue un buen laburo el que hizo el equipo y un buen break para parar y volver a comenzar&#8221;, dijo el piloto argentino a la prensa tras la clasificaci\u00f3n. <strong>En la Q3, Colapint\u00f3 registr\u00f3 un tiempo de 1:29.320, <\/strong>superando a su compa\u00f1ero de <strong>Alpine<\/strong>, el franc\u00e9s <strong>Pierre Gasly, que largar\u00e1 10\u00b0.<\/strong><\/p>\n<\/article>\n<section class=\"related-news\">\n<div class=\"row row--eq-height\">\n<div class=\"col-12 col-md-6\">\n<article class=\"news-article news-article--landscape-news news-article--landscape-news\">\n<figure class=\"news-article__figure figure\">\t\t<a href=\"https:\/\/www.ambito.com\/deportes\/flavio-briatore-elogio-franco-colapinto-el-impacto-del-show-buenos-aires-n6271158\" target=\"\" title=\"\u00e1mbito.com | Briatore elogi\u00f3 a Colapinto tras el impacto del show en Buenos Aires\" alt=\"\u00e1mbito.com | Briatore elogi\u00f3 a Colapinto tras el impacto del show en Buenos Aires\" rel=\"noindex nofollow noreferrer\"><br \/>\n\t\t\t\t\t\t\t\t\t\t\t<img loading=\"lazy\" loading=\"lazy\" decoding=\"async\" src=\"data:image\/gif;base64,R0lGODlhAQABAIAAAAAAAP\/\/\/ywAAAAAAQABAAACAUwAOw==\" fifu-lazy=\"1\" fifu-data-sizes=\"auto\" fifu-data-srcset=\"https:\/\/i0.wp.com\/chacosintesis.com.ar\/wp-content\/uploads\/2026\/04\/Esteban-Andrada-rompio-el-silencio-tras-el-escandalo-en-el.jpg?ssl=1&w=75&resize=75&ssl=1 75w, https:\/\/i0.wp.com\/chacosintesis.com.ar\/wp-content\/uploads\/2026\/04\/Esteban-Andrada-rompio-el-silencio-tras-el-escandalo-en-el.jpg?ssl=1&w=100&resize=100&ssl=1 100w, https:\/\/i0.wp.com\/chacosintesis.com.ar\/wp-content\/uploads\/2026\/04\/Esteban-Andrada-rompio-el-silencio-tras-el-escandalo-en-el.jpg?ssl=1&w=150&resize=150&ssl=1 150w, https:\/\/i0.wp.com\/chacosintesis.com.ar\/wp-content\/uploads\/2026\/04\/Esteban-Andrada-rompio-el-silencio-tras-el-escandalo-en-el.jpg?ssl=1&w=240&resize=240&ssl=1 240w, https:\/\/i0.wp.com\/chacosintesis.com.ar\/wp-content\/uploads\/2026\/04\/Esteban-Andrada-rompio-el-silencio-tras-el-escandalo-en-el.jpg?ssl=1&w=320&resize=320&ssl=1 320w, https:\/\/i0.wp.com\/chacosintesis.com.ar\/wp-content\/uploads\/2026\/04\/Esteban-Andrada-rompio-el-silencio-tras-el-escandalo-en-el.jpg?ssl=1&w=500&resize=500&ssl=1 500w, https:\/\/i0.wp.com\/chacosintesis.com.ar\/wp-content\/uploads\/2026\/04\/Esteban-Andrada-rompio-el-silencio-tras-el-escandalo-en-el.jpg?ssl=1&w=640&resize=640&ssl=1 640w, https:\/\/i0.wp.com\/chacosintesis.com.ar\/wp-content\/uploads\/2026\/04\/Esteban-Andrada-rompio-el-silencio-tras-el-escandalo-en-el.jpg?ssl=1&w=800&resize=800&ssl=1 800w, https:\/\/i0.wp.com\/chacosintesis.com.ar\/wp-content\/uploads\/2026\/04\/Esteban-Andrada-rompio-el-silencio-tras-el-escandalo-en-el.jpg?ssl=1&w=1024&resize=1024&ssl=1 1024w, https:\/\/i0.wp.com\/chacosintesis.com.ar\/wp-content\/uploads\/2026\/04\/Esteban-Andrada-rompio-el-silencio-tras-el-escandalo-en-el.jpg?ssl=1&w=1280&resize=1280&ssl=1 1280w, https:\/\/i0.wp.com\/chacosintesis.com.ar\/wp-content\/uploads\/2026\/04\/Esteban-Andrada-rompio-el-silencio-tras-el-escandalo-en-el.jpg?ssl=1&w=1600&resize=1600&ssl=1 1600w\" fifu-data-src=\"https:\/\/i0.wp.com\/chacosintesis.com.ar\/wp-content\/uploads\/2026\/04\/Esteban-Andrada-rompio-el-silencio-tras-el-escandalo-en-el.jpg?ssl=1\" alt=\"briatore elogio a colapinto tras el impacto del show en buenos aires\" title=\"briatore elogio a colapinto tras el impacto del show en buenos aires\" width=\"93\" height=\"52\" class=\"news-article__figure-img figure-img img-fluid\"\/>\t\t<\/a><\/figure>\n<\/article><\/div>\n<\/div>\n<\/section>\n<article class=\"article-body article-body--third-paragraph content-protected-false\">\n<p id=\"p-1777469797301-95849\" data-start=\"18\" data-end=\"412\">La competencia represent\u00f3 el regreso a la pista tras la suspensi\u00f3n de<strong> Bahr\u00e9in y Arabia Saudita<\/strong>, lo que reordena el campeonato y vuelve a poner en marcha la pelea tanto por el t\u00edtulo de pilotos como de constructores. La cita en Estados Unidos llega con una serie de <strong>ajustes t\u00e9cnicos<\/strong> que impactar\u00e1n directamente en el rendimiento de los autos, como chasis nuevos y adiciones aerodin\u00e1micas.<\/p>\n<\/article>\n<article class=\"article-body article-body--fourth-paragraph content-protected-false\">\n<div contenteditable=\"false\" class=\"embed_cont type_imagen\" id=\"8218892-Libre-821968791_wrap\">\n<p> Franco Colapinto <span onclick=\"parent.parent.TinyMCETdcuerpo.preview_embed('8218892-Libre-821968791')\" class=\"embed_colapse less\" id=\"8218892-Libre-821968791_colapse\"\/>  <span onclick=\"parent.parent.TinyMCETdcuerpo.delete_embed('8218892-Libre-821968791')\" class=\"embed_delete less\" id=\"8218892-Libre-821968791_delete\"\/><\/p>\n<div id=\"8218892-Libre-821968791_content\" class=\"embed_content\"><img decoding=\"async\" src=\"data:image\/gif;base64,R0lGODlhAQABAIAAAAAAAP\/\/\/ywAAAAAAQABAAACAUwAOw==\" fifu-lazy=\"1\" fifu-data-sizes=\"auto\" fifu-data-srcset=\"https:\/\/i0.wp.com\/chacosintesis.com.ar\/wp-content\/uploads\/2026\/05\/1777676773_452_Solida-clasificacion-de-Franco-Colapinto-que-largara-8\u00b0-el-Sprint.jpg?ssl=1&w=75&resize=75&ssl=1 75w, https:\/\/i0.wp.com\/chacosintesis.com.ar\/wp-content\/uploads\/2026\/05\/1777676773_452_Solida-clasificacion-de-Franco-Colapinto-que-largara-8\u00b0-el-Sprint.jpg?ssl=1&w=100&resize=100&ssl=1 100w, https:\/\/i0.wp.com\/chacosintesis.com.ar\/wp-content\/uploads\/2026\/05\/1777676773_452_Solida-clasificacion-de-Franco-Colapinto-que-largara-8\u00b0-el-Sprint.jpg?ssl=1&w=150&resize=150&ssl=1 150w, https:\/\/i0.wp.com\/chacosintesis.com.ar\/wp-content\/uploads\/2026\/05\/1777676773_452_Solida-clasificacion-de-Franco-Colapinto-que-largara-8\u00b0-el-Sprint.jpg?ssl=1&w=240&resize=240&ssl=1 240w, https:\/\/i0.wp.com\/chacosintesis.com.ar\/wp-content\/uploads\/2026\/05\/1777676773_452_Solida-clasificacion-de-Franco-Colapinto-que-largara-8\u00b0-el-Sprint.jpg?ssl=1&w=320&resize=320&ssl=1 320w, https:\/\/i0.wp.com\/chacosintesis.com.ar\/wp-content\/uploads\/2026\/05\/1777676773_452_Solida-clasificacion-de-Franco-Colapinto-que-largara-8\u00b0-el-Sprint.jpg?ssl=1&w=500&resize=500&ssl=1 500w, https:\/\/i0.wp.com\/chacosintesis.com.ar\/wp-content\/uploads\/2026\/05\/1777676773_452_Solida-clasificacion-de-Franco-Colapinto-que-largara-8\u00b0-el-Sprint.jpg?ssl=1&w=640&resize=640&ssl=1 640w, https:\/\/i0.wp.com\/chacosintesis.com.ar\/wp-content\/uploads\/2026\/05\/1777676773_452_Solida-clasificacion-de-Franco-Colapinto-que-largara-8\u00b0-el-Sprint.jpg?ssl=1&w=800&resize=800&ssl=1 800w, https:\/\/i0.wp.com\/chacosintesis.com.ar\/wp-content\/uploads\/2026\/05\/1777676773_452_Solida-clasificacion-de-Franco-Colapinto-que-largara-8\u00b0-el-Sprint.jpg?ssl=1&w=1024&resize=1024&ssl=1 1024w, https:\/\/i0.wp.com\/chacosintesis.com.ar\/wp-content\/uploads\/2026\/05\/1777676773_452_Solida-clasificacion-de-Franco-Colapinto-que-largara-8\u00b0-el-Sprint.jpg?ssl=1&w=1280&resize=1280&ssl=1 1280w, https:\/\/i0.wp.com\/chacosintesis.com.ar\/wp-content\/uploads\/2026\/05\/1777676773_452_Solida-clasificacion-de-Franco-Colapinto-que-largara-8\u00b0-el-Sprint.jpg?ssl=1&w=1600&resize=1600&ssl=1 1600w\" fifu-data-src=\"https:\/\/i0.wp.com\/chacosintesis.com.ar\/wp-content\/uploads\/2026\/05\/1777676773_452_Solida-clasificacion-de-Franco-Colapinto-que-largara-8\u00b0-el-Sprint.jpg?ssl=1\" alt=\"Colapinto tuvo su mejor clasificaci\u00f3n en lo que va de su carrera con Alpine.\" title=\"Colapinto tuvo su mejor clasificaci\u00f3n en lo que va de su carrera con Alpine.\" width=\"730\" height=\"undefined\" id=\"8218892-Libre-821968791_embed\"\/><\/div>\n<div class=\"embed_wrapper-cont\" id=\"p-1777672541021-35046\">\n<div id=\"8218892-Libre-821968791_epigrafe\" class=\"embed_epigrafe\">\n<p id=\"p-1777672557961-67698\">Colapinto tuvo su mejor clasificaci\u00f3n en lo que va de su carrera con Alpine.<\/p>\n<\/div><\/div>\n<\/p><\/div>\n<\/article>\n<article class=\"article-body article-body--fifth-paragraph content-protected-false\">\n<h2 id=\"p-1777672469060-40269\" class=\"\"> Resultados de la clasificaci\u00f3n sprint del GP de Miami 2026 de F1<\/h2>\n<ul id=\"p-1777672469060-64225\">\n<li id=\"p-1777672469060-12378\">\n<p id=\"p-1777672469060-54646\" class=\"\">Lando Norris (McLaren): 1:27.869<\/p>\n<\/li>\n<li id=\"p-1777672469060-24257\">\n<p id=\"p-1777672469060-97756\" class=\"\"> Andrea Kimi Antonelli (Mercedes): +0.222<\/p>\n<\/li>\n<li id=\"p-1777672469060-94776\">\n<p id=\"p-1777672469060-40687\" class=\"\"> Oscar Piastri (McLaren): +0.239<\/p>\n<\/li>\n<li id=\"p-1777672469060-39524\">\n<p id=\"p-1777672469060-23430\" class=\"\"> Charles Leclerc (Ferrari): +0.370<\/p>\n<\/li>\n<li id=\"p-1777672469060-17199\">\n<p id=\"p-1777672469060-59733\" class=\"\"> Max Verstappen (Red Bull): +0.592<\/p>\n<\/li>\n<li id=\"p-1777672469060-84910\">\n<p id=\"p-1777672469060-91283\" class=\"\"> George Russell (Mercedes): +0.624<\/p>\n<\/li>\n<li id=\"p-1777672469060-92235\">\n<p id=\"p-1777672469060-53887\" class=\"\"> Lewis Hamilton (Ferrari): +0.749<\/p>\n<\/li>\n<li id=\"p-1777672469060-35534\">\n<p id=\"p-1777672469060-91899\" class=\"\"> <strong>Franco Colapinto (Alpine): +1.451<\/strong><\/p>\n<\/li>\n<li id=\"p-1777672469060-91645\">\n<p id=\"p-1777672469060-35113\" class=\"\">Isack Hadjar (Red Bull): +1.553<\/p>\n<\/li>\n<li id=\"p-1777672469060-16966\">\n<p id=\"p-1777672469060-82\" class=\"\"> Pierre Gasly (Alpine): +1.605<\/p>\n<\/li>\n<\/ul>\n<\/article>\n<article class=\"article-body article-body--remaining-paragraph content-protected-false\">\n<h2 id=\"p-1777469279733-40058\">Gran Premio de Miami: c\u00f3mo es el circuito<\/h2>\n<p id=\"p-1777469917984-16387\" data-start=\"1310\" data-end=\"1653\">El GP de Miami se corre en circuito construido alrededor del <strong>Hard Rock Stadium<\/strong>. El trazado fue incorporado en 2022, tiene <strong>5,41 kil\u00f3metros<\/strong> de extensi\u00f3n, <strong>19 curvas<\/strong> y combina sectores de alta velocidad con zonas t\u00e9cnicas que exigen <strong>precisi\u00f3n<\/strong> en frenadas y tracci\u00f3n a la salida.<\/p>\n<p id=\"p-1777469917984-47062\" data-start=\"1655\" data-end=\"2015\">La carrera se disputa a <strong>57 vueltas<\/strong>, con una distancia total superior a los 308 kil\u00f3metros. Uno de los rasgos distintivos es la presencia de rectas largas que favorecen los <strong>adelantamientos<\/strong>, aunque tambi\u00e9n incluyen curvas lentas que obligan a los pilotos a encontrar un equilibrio.<\/p>\n<div contenteditable=\"false\" class=\"embed_cont type_imagen\" id=\"8217752-Libre-1264697946_wrap\" style=\"opacity:1;height:auto;\">\n<p>gp miami <span onclick=\"parent.parent.TinyMCETdcuerpo.preview_embed('8217752-Libre-1264697946')\" class=\"embed_colapse less\" id=\"8217752-Libre-1264697946_colapse\"\/>  <span onclick=\"parent.parent.TinyMCETdcuerpo.delete_embed('8217752-Libre-1264697946')\" class=\"embed_delete less\" id=\"8217752-Libre-1264697946_delete\"\/><\/p>\n<div id=\"8217752-Libre-1264697946_content\" class=\"embed_content\"><img decoding=\"async\" src=\"data:image\/gif;base64,R0lGODlhAQABAIAAAAAAAP\/\/\/ywAAAAAAQABAAACAUwAOw==\" fifu-lazy=\"1\" fifu-data-sizes=\"auto\" fifu-data-srcset=\"https:\/\/i1.wp.com\/chacosintesis.com.ar\/wp-content\/uploads\/2026\/04\/Vuelve-la-Formula-1-cuando-es-el-proximo-GP-y.jpeg?ssl=1&w=75&resize=75&ssl=1 75w, https:\/\/i1.wp.com\/chacosintesis.com.ar\/wp-content\/uploads\/2026\/04\/Vuelve-la-Formula-1-cuando-es-el-proximo-GP-y.jpeg?ssl=1&w=100&resize=100&ssl=1 100w, https:\/\/i1.wp.com\/chacosintesis.com.ar\/wp-content\/uploads\/2026\/04\/Vuelve-la-Formula-1-cuando-es-el-proximo-GP-y.jpeg?ssl=1&w=150&resize=150&ssl=1 150w, https:\/\/i1.wp.com\/chacosintesis.com.ar\/wp-content\/uploads\/2026\/04\/Vuelve-la-Formula-1-cuando-es-el-proximo-GP-y.jpeg?ssl=1&w=240&resize=240&ssl=1 240w, https:\/\/i1.wp.com\/chacosintesis.com.ar\/wp-content\/uploads\/2026\/04\/Vuelve-la-Formula-1-cuando-es-el-proximo-GP-y.jpeg?ssl=1&w=320&resize=320&ssl=1 320w, https:\/\/i1.wp.com\/chacosintesis.com.ar\/wp-content\/uploads\/2026\/04\/Vuelve-la-Formula-1-cuando-es-el-proximo-GP-y.jpeg?ssl=1&w=500&resize=500&ssl=1 500w, https:\/\/i1.wp.com\/chacosintesis.com.ar\/wp-content\/uploads\/2026\/04\/Vuelve-la-Formula-1-cuando-es-el-proximo-GP-y.jpeg?ssl=1&w=640&resize=640&ssl=1 640w, https:\/\/i1.wp.com\/chacosintesis.com.ar\/wp-content\/uploads\/2026\/04\/Vuelve-la-Formula-1-cuando-es-el-proximo-GP-y.jpeg?ssl=1&w=800&resize=800&ssl=1 800w, https:\/\/i1.wp.com\/chacosintesis.com.ar\/wp-content\/uploads\/2026\/04\/Vuelve-la-Formula-1-cuando-es-el-proximo-GP-y.jpeg?ssl=1&w=1024&resize=1024&ssl=1 1024w, https:\/\/i1.wp.com\/chacosintesis.com.ar\/wp-content\/uploads\/2026\/04\/Vuelve-la-Formula-1-cuando-es-el-proximo-GP-y.jpeg?ssl=1&w=1280&resize=1280&ssl=1 1280w, https:\/\/i1.wp.com\/chacosintesis.com.ar\/wp-content\/uploads\/2026\/04\/Vuelve-la-Formula-1-cuando-es-el-proximo-GP-y.jpeg?ssl=1&w=1600&resize=1600&ssl=1 1600w\" fifu-data-src=\"https:\/\/i1.wp.com\/chacosintesis.com.ar\/wp-content\/uploads\/2026\/04\/Vuelve-la-Formula-1-cuando-es-el-proximo-GP-y.jpeg?ssl=1\" alt=\"\" title=\"\" width=\"730\" height=\"undefined\" id=\"8217752-Libre-1264697946_embed\"\/><\/div>\n<\/p><\/div>\n<p id=\"p-1777469917984-90840\" data-start=\"2017\" data-end=\"2205\">Las condiciones clim\u00e1ticas son otro factor clave, ya que el <strong>calor<\/strong> y la <strong>humedad <\/strong>elevan el desgaste de los neum\u00e1ticos y afectan la gesti\u00f3n mec\u00e1nica.<\/p>\n<p id=\"p-1777469917984-70497\" data-start=\"3081\" data-end=\"3468\" data-is-last-node=\"\" data-is-only-node=\"\">A esto se suma el formato <strong>sprint<\/strong>. Esto implica una <strong>\u00fanica sesi\u00f3n de pr\u00e1cticas libres<\/strong> antes de una clasificaci\u00f3n abreviada, una carrera corta el s\u00e1bado que otorga puntos y define parte de la grilla, y la carrera principal el domingo.<\/p>\n<div contenteditable=\"false\" class=\"embed_cont type_imagen\" id=\"8202544-Libre-38736921_wrap\">\n<p>Williams formula 1 <span onclick=\"parent.parent.TinyMCETdcuerpo.preview_embed('8202544-Libre-38736921')\" class=\"embed_colapse less\" id=\"8202544-Libre-38736921_colapse\"\/>  <span onclick=\"parent.parent.TinyMCETdcuerpo.delete_embed('8202544-Libre-38736921')\" class=\"embed_delete less\" id=\"8202544-Libre-38736921_delete\"\/><\/p>\n<div id=\"8202544-Libre-38736921_content\" class=\"embed_content\"><img decoding=\"async\" src=\"data:image\/gif;base64,R0lGODlhAQABAIAAAAAAAP\/\/\/ywAAAAAAQABAAACAUwAOw==\" fifu-lazy=\"1\" fifu-data-sizes=\"auto\" fifu-data-srcset=\"https:\/\/i0.wp.com\/chacosintesis.com.ar\/wp-content\/uploads\/2026\/04\/Vuelve-la-Formula-1-cuando-es-el-proximo-GP-y.jpg?ssl=1&w=75&resize=75&ssl=1 75w, https:\/\/i0.wp.com\/chacosintesis.com.ar\/wp-content\/uploads\/2026\/04\/Vuelve-la-Formula-1-cuando-es-el-proximo-GP-y.jpg?ssl=1&w=100&resize=100&ssl=1 100w, https:\/\/i0.wp.com\/chacosintesis.com.ar\/wp-content\/uploads\/2026\/04\/Vuelve-la-Formula-1-cuando-es-el-proximo-GP-y.jpg?ssl=1&w=150&resize=150&ssl=1 150w, https:\/\/i0.wp.com\/chacosintesis.com.ar\/wp-content\/uploads\/2026\/04\/Vuelve-la-Formula-1-cuando-es-el-proximo-GP-y.jpg?ssl=1&w=240&resize=240&ssl=1 240w, https:\/\/i0.wp.com\/chacosintesis.com.ar\/wp-content\/uploads\/2026\/04\/Vuelve-la-Formula-1-cuando-es-el-proximo-GP-y.jpg?ssl=1&w=320&resize=320&ssl=1 320w, https:\/\/i0.wp.com\/chacosintesis.com.ar\/wp-content\/uploads\/2026\/04\/Vuelve-la-Formula-1-cuando-es-el-proximo-GP-y.jpg?ssl=1&w=500&resize=500&ssl=1 500w, https:\/\/i0.wp.com\/chacosintesis.com.ar\/wp-content\/uploads\/2026\/04\/Vuelve-la-Formula-1-cuando-es-el-proximo-GP-y.jpg?ssl=1&w=640&resize=640&ssl=1 640w, https:\/\/i0.wp.com\/chacosintesis.com.ar\/wp-content\/uploads\/2026\/04\/Vuelve-la-Formula-1-cuando-es-el-proximo-GP-y.jpg?ssl=1&w=800&resize=800&ssl=1 800w, https:\/\/i0.wp.com\/chacosintesis.com.ar\/wp-content\/uploads\/2026\/04\/Vuelve-la-Formula-1-cuando-es-el-proximo-GP-y.jpg?ssl=1&w=1024&resize=1024&ssl=1 1024w, https:\/\/i0.wp.com\/chacosintesis.com.ar\/wp-content\/uploads\/2026\/04\/Vuelve-la-Formula-1-cuando-es-el-proximo-GP-y.jpg?ssl=1&w=1280&resize=1280&ssl=1 1280w, https:\/\/i0.wp.com\/chacosintesis.com.ar\/wp-content\/uploads\/2026\/04\/Vuelve-la-Formula-1-cuando-es-el-proximo-GP-y.jpg?ssl=1&w=1600&resize=1600&ssl=1 1600w\" fifu-data-src=\"https:\/\/i0.wp.com\/chacosintesis.com.ar\/wp-content\/uploads\/2026\/04\/Vuelve-la-Formula-1-cuando-es-el-proximo-GP-y.jpg?ssl=1\" alt=\"\" title=\"\" width=\"730\" height=\"undefined\" id=\"8202544-Libre-38736921_embed\"\/><\/div>\n<\/p><\/div>\n<h2 id=\"p-1777469279733-29742\">GP de Miami: cronograma completo<\/h2>\n<p id=\"p-1777469939815-65415\" data-start=\"2206\" data-end=\"2409\">El <strong>Gran Premio de Miami <\/strong>se desarrollar\u00e1 desde hasta el pr\u00f3ximo domingo, y contar\u00e1 con <strong>formato sprint<\/strong>, lo que agrega una competencia adicional y modifica la din\u00e1mica habitual.<\/p>\n<p id=\"p-1777469939815-55218\" data-start=\"2510\" data-end=\"2530\"><strong data-start=\"2510\" data-end=\"2530\">S\u00e1bado 2 de mayo<\/strong><\/p>\n<ul id=\"p-1777469939815-60021\" data-start=\"2531\" data-end=\"2597\">\n<li id=\"p-1777469939815-30929\" data-section-id=\"1683wi\" data-start=\"2531\" data-end=\"2564\"> Carrera sprint: 13:00 a 14:00<\/li>\n<li id=\"p-1777469939815-59876\" data-section-id=\"tyktyq\" data-start=\"2565\" data-end=\"2597\">Clasificaci\u00f3n: 17:00 a 18:00<\/li>\n<\/ul>\n<p id=\"p-1777469939815-4527\" data-start=\"2599\" data-end=\"2620\"><strong data-start=\"2599\" data-end=\"2620\"> Domingo 3 de mayo<\/strong><\/p>\n<h2 id=\"p-1777469279733-63638\">C\u00f3mo sigue el calendario de F\u00f3rmula 1 2026<\/h2>\n<p id=\"p-1777469577072-99113\" data-start=\"2986\" data-end=\"3193\">Tras el paso por Gran Premio de Miami, la temporada 2026 de la F\u00f3rmula 1 continuar\u00e1 con un calendario extenso que recorrer\u00e1 distintos continentes hasta diciembre.<\/p>\n<p id=\"p-1777469577072-49745\" data-start=\"3195\" data-end=\"3326\">Luego de las primeras fechas en <strong>Australia, China y Jap\u00f3n<\/strong>, y la cancelaci\u00f3n de Bahr\u00e9in y Arabia Saudita, el campeonato seguir\u00e1 con:<\/p>\n<ul id=\"p-1777469608818-2858\">\n<li id=\"p-1777469608272-85107\"><strong>Gran Premio de Canad\u00e1: <\/strong>del 22 al 24 de mayo<\/li>\n<li id=\"p-1777469608272-91745\"><strong>Gran Premio de M\u00f3naco:<\/strong> del 5 al 7 de junio<\/li>\n<li id=\"p-1777469608272-8257\"><strong>Gran Premio de Barcelona: <\/strong>del 12 al 14 de junio<\/li>\n<li id=\"p-1777469608272-64139\"><strong>Gran Premio de Austria: <\/strong>del 26 al 28 de junio<\/li>\n<li id=\"p-1777469608272-83528\"><strong>Gran Premio de Gran Breta\u00f1a: <\/strong>del 3 al 5 de julio<\/li>\n<li id=\"p-1777469608272-86888\"><strong>Gran Premio de B\u00e9lgica:<\/strong> del 17 al 19 de julio<\/li>\n<li id=\"p-1777469608272-60344\"><strong>Gran Premio de Hungr\u00eda:<\/strong> del 24 al 26 de julio<\/li>\n<li id=\"p-1777469608272-17140\"><strong>Gran Premio de Pa\u00edses Bajos:<\/strong> del 21 al 23 de agosto<\/li>\n<li id=\"p-1777469608272-43881\"><strong>Gran Premio de Italia:<\/strong> del 4 al 6 de septiembre<\/li>\n<li id=\"p-1777469608272-15607\"><strong>Gran Premio de Espa\u00f1a:<\/strong> del 11 al 13 de septiembre<\/li>\n<li id=\"p-1777469608272-15796\"><strong>Gran Premio de Azerbaiy\u00e1n:<\/strong> del 24 al 26 de septiembre<\/li>\n<li id=\"p-1777469608272-12468\"><strong>Gran Premio de Singapur:<\/strong> del 9 a 11 de octubre<\/li>\n<li id=\"p-1777469608272-4909\"><strong>Gran Premio de Estados Unidos: <\/strong>del 23 al 25 de octubre<\/li>\n<li id=\"p-1777469608272-37801\"><strong>Gran Premio de M\u00e9xico:<\/strong> del 30 de octubre al 1\u00b0 de noviembre<\/li>\n<li id=\"p-1777469608272-60030\"><strong>Gran Premio de Brasil:<\/strong> del 6 al 8 de noviembre<\/li>\n<li id=\"p-1777469608272-10698\"><strong>Gran Premio de Las Vegas: <\/strong>del 19 al 21 de noviembre<\/li>\n<li id=\"p-1777469608272-5127\"><strong>Gran Premio de Qatar:<\/strong> del 27 al 29 de noviembre<\/li>\n<li id=\"p-1777469608272-67189\"><strong>Gran Premio de Abu Dhabi<\/strong>: del 4 al 6 de diciembre<\/li>\n<\/ul>\n<\/article>\n<p>\t\t\t\t<!-- REGION4 } -->\n\t\t\t\t\t\t<\/div>\n<p><script>\n!function(f,b,e,v,n,t,s)\n{if(f.fbq)return;n=f.fbq=function(){n.callMethod?\nn.callMethod.apply(n,arguments):n.queue.push(arguments)};\nif(!f._fbq)f._fbq=n;n.push=n;n.loaded=!0;n.version='2.0';\nn.queue=[];t=b.createElement(e);t.async=!0;\nt.src=v;s=b.getElementsByTagName(e)[0];\ns.parentNode.insertBefore(t,s)}(window,document,'script',\n'https:\/\/connect.facebook.net\/en_US\/fbevents.js');\nfbq('init', '2047048335588113');\nfbq('track', 'PageView');\n<\/script><\/p>\n<p>Ambito.-<\/p>\n","protected":false},"excerpt":{"rendered":"<p>Super\u00f3 a su compa\u00f1ero de Alpine, Pierre Gasly, que iniciar\u00e1 10\u00b0. &#8220;Fuimos r\u00e1pidos desde el principio&#8221;, dijo el argentino. @F1 Despu\u00e9s de varias semanas sin actividad, la F\u00f3rmula 1 retom\u00f3 su calendario con la clasificaci\u00f3n de una de las fechas m\u00e1s esperadas del a\u00f1o: el Gran Premio de Miami. All\u00ed, Franco Colapinto tuvo su mejor [&hellip;]<\/p>\n","protected":false},"author":1,"featured_media":221485,"comment_status":"closed","ping_status":"","sticky":false,"template":"","format":"standard","meta":{"footnotes":""},"categories":[7],"tags":[],"class_list":{"0":"post-222167","1":"post","2":"type-post","3":"status-publish","4":"format-standard","5":"has-post-thumbnail","7":"category-deportes"},"_links":{"self":[{"href":"https:\/\/chacosintesis.com.ar\/index.php\/wp-json\/wp\/v2\/posts\/222167","targetHints":{"allow":["GET"]}}],"collection":[{"href":"https:\/\/chacosintesis.com.ar\/index.php\/wp-json\/wp\/v2\/posts"}],"about":[{"href":"https:\/\/chacosintesis.com.ar\/index.php\/wp-json\/wp\/v2\/types\/post"}],"author":[{"embeddable":true,"href":"https:\/\/chacosintesis.com.ar\/index.php\/wp-json\/wp\/v2\/users\/1"}],"replies":[{"embeddable":true,"href":"https:\/\/chacosintesis.com.ar\/index.php\/wp-json\/wp\/v2\/comments?post=222167"}],"version-history":[{"count":0,"href":"https:\/\/chacosintesis.com.ar\/index.php\/wp-json\/wp\/v2\/posts\/222167\/revisions"}],"wp:featuredmedia":[{"embeddable":true,"href":"https:\/\/chacosintesis.com.ar\/index.php\/wp-json\/wp\/v2\/media\/221485"}],"wp:attachment":[{"href":"https:\/\/chacosintesis.com.ar\/index.php\/wp-json\/wp\/v2\/media?parent=222167"}],"wp:term":[{"taxonomy":"category","embeddable":true,"href":"https:\/\/chacosintesis.com.ar\/index.php\/wp-json\/wp\/v2\/categories?post=222167"},{"taxonomy":"post_tag","embeddable":true,"href":"https:\/\/chacosintesis.com.ar\/index.php\/wp-json\/wp\/v2\/tags?post=222167"}],"curies":[{"name":"wp","href":"https:\/\/api.w.org\/{rel}","templated":true}]}}