{"id":222155,"date":"2026-05-01T20:05:13","date_gmt":"2026-05-01T23:05:13","guid":{"rendered":"https:\/\/chacosintesis.com.ar\/index.php\/nacio-vito-el-primer-hijo-de-maria-belen-luduena-y-jorge-macri-_a69f351377825f88153ab4d6c\/"},"modified":"2026-05-01T20:05:13","modified_gmt":"2026-05-01T23:05:13","slug":"nacio-vito-el-primer-hijo-de-maria-belen-luduena-y-jorge-macri-_a69f351377825f88153ab4d6c","status":"publish","type":"post","link":"https:\/\/chacosintesis.com.ar\/index.php\/nacio-vito-el-primer-hijo-de-maria-belen-luduena-y-jorge-macri-_a69f351377825f88153ab4d6c\/","title":{"rendered":"Naci\u00f3 Vito, el primer hijo de Mar\u00eda Bel\u00e9n Ludue\u00f1a y Jorge Macri"},"content":{"rendered":"<p><\/p>\n<div itemprop=\"articleBody\">\n<p><a href=\"\/\"><strong>Buenos Aires, 30 abril (NA) <\/strong><\/a>\u2013 La periodista <strong>Mar\u00eda Bel\u00e9n Ludue\u00f1a <\/strong>y el jefe de Gobierno,<strong> Jorge Macri<\/strong>, le dieron la bienvenida a <strong>Vito<\/strong>, su primer hijo juntos.<\/p>\n<p>El periodista Pablo Montagna confirm\u00f3 la noticia a trav\u00e9s de su cuenta de X, adelantando que la pareja har\u00eda un posteo en las siguientes horas. \u201cEl nacimiento ocurri\u00f3 en el Sanatorio Otamendi y se espera la confirmaci\u00f3n oficial en sus redes en los pr\u00f3ximos minutos\u201d, inform\u00f3.<\/p>\n<p>Seg\u00fan supo la <strong>Agencia Noticias Argentinas<\/strong>, el parto estaba programado para este jueves. Finalmente, as\u00ed fue como sucedi\u00f3 y Ludue\u00f1a se convirti\u00f3 en madre primeriza esta ma\u00f1ana.\u00a0<\/p>\n<p>Tras convertirse en madre poste\u00f3 una foto con su esposo y el beb\u00e9 en la que se\u00f1al\u00f3: <strong>&#8220;Bienvenido Vito! Somos muy felices por tu llegada&#8221;! Te amamos. Muchas gracias a todos por el cari\u00f1o&#8221;.<\/strong><\/p>\n<p><tadevel-ad  class=\"block-4d\" slot-id=\"article-inline-01\"\/><\/p>\n<p>En las \u00faltimas horas, la periodista comparti\u00f3 las im\u00e1genes junto a su pareja, previo a ingresar al hospital.<\/p>\n<p>\u201c\u00daltima foto de 2\u201d, escribi\u00f3 previamente en su Instagram.\u00a0<\/p>\n<figure class=\"multimedia\" data-tadevel-template=\"web\/multimedia\" data-type=\"photo\">\n<div class=\"content\">\n<div class=\"sizer\" data-sizer=\"aspect-ratio\" data-tadevel-template=\"web\/aspect-ratio\" style=\"--aspect-ratio:178.6447638603696%;\"><picture data-tadevel-template=\"web\/picture\"><\/source><\/picture><\/div>\n<\/div>\n<\/figure>\n<p style=\"--ipspy: __IP__;color: __IP__;text-decoration: __IP__;\" alt=\"__IP__\" data-ipspy=\"__IP__\" title=\"__IP__\">\u201cChau panza! Te voy a extra\u00f1ar! Gracias Virgencia por este embarazo privilegiado\u201d, se despidi\u00f3 en redes sociales de su figura, previo a dar inicio a esta nueva etapa en su vida.\u00a0<span style=\"opacity: 0;\" data-nosnippet=\"\">__IP__<\/span><\/p>\n<figure class=\"multimedia\" data-tadevel-template=\"web\/multimedia\" data-type=\"photo\">\n<div class=\"content\">\n<div class=\"sizer\" data-sizer=\"aspect-ratio\" data-tadevel-template=\"web\/aspect-ratio\" style=\"--aspect-ratio:178.6447638603696%;\"><picture data-tadevel-template=\"web\/picture\"><\/source><\/picture><\/div>\n<\/div>\n<\/figure>\n<p><tadevel-ad  class=\"block-4d\" slot-id=\"article-inline-02\"\/><\/p>\n<p>Mar\u00eda Bel\u00e9n y Jorge Macri se conocieron hace varios a\u00f1os y en 2022 sellaron su amor con una elegante boda en Mar del Plata, su ciudad natal. Desde entonces, se muestran como una pareja s\u00f3lida, que combina el mundo de la pol\u00edtica con el de los medios.<\/p>\n<p>#AgenciaNA\u00a0<\/p>\n<\/div>\n<p><img decoding=\"async\" src=\"data:image\/gif;base64,R0lGODlhAQABAIAAAAAAAP\/\/\/ywAAAAAAQABAAACAUwAOw==\" fifu-lazy=\"1\" fifu-data-sizes=\"auto\" fifu-data-srcset=\"https:\/\/i2.wp.com\/chacosintesis.com.ar\/wp-content\/uploads\/2026\/05\/Nacio-Vito-el-primer-hijo-de-Maria-Belen-Luduena-y.jpeg?ssl=1&w=75&resize=75&ssl=1 75w, https:\/\/i2.wp.com\/chacosintesis.com.ar\/wp-content\/uploads\/2026\/05\/Nacio-Vito-el-primer-hijo-de-Maria-Belen-Luduena-y.jpeg?ssl=1&w=100&resize=100&ssl=1 100w, https:\/\/i2.wp.com\/chacosintesis.com.ar\/wp-content\/uploads\/2026\/05\/Nacio-Vito-el-primer-hijo-de-Maria-Belen-Luduena-y.jpeg?ssl=1&w=150&resize=150&ssl=1 150w, https:\/\/i2.wp.com\/chacosintesis.com.ar\/wp-content\/uploads\/2026\/05\/Nacio-Vito-el-primer-hijo-de-Maria-Belen-Luduena-y.jpeg?ssl=1&w=240&resize=240&ssl=1 240w, https:\/\/i2.wp.com\/chacosintesis.com.ar\/wp-content\/uploads\/2026\/05\/Nacio-Vito-el-primer-hijo-de-Maria-Belen-Luduena-y.jpeg?ssl=1&w=320&resize=320&ssl=1 320w, https:\/\/i2.wp.com\/chacosintesis.com.ar\/wp-content\/uploads\/2026\/05\/Nacio-Vito-el-primer-hijo-de-Maria-Belen-Luduena-y.jpeg?ssl=1&w=500&resize=500&ssl=1 500w, https:\/\/i2.wp.com\/chacosintesis.com.ar\/wp-content\/uploads\/2026\/05\/Nacio-Vito-el-primer-hijo-de-Maria-Belen-Luduena-y.jpeg?ssl=1&w=640&resize=640&ssl=1 640w, https:\/\/i2.wp.com\/chacosintesis.com.ar\/wp-content\/uploads\/2026\/05\/Nacio-Vito-el-primer-hijo-de-Maria-Belen-Luduena-y.jpeg?ssl=1&w=800&resize=800&ssl=1 800w, https:\/\/i2.wp.com\/chacosintesis.com.ar\/wp-content\/uploads\/2026\/05\/Nacio-Vito-el-primer-hijo-de-Maria-Belen-Luduena-y.jpeg?ssl=1&w=1024&resize=1024&ssl=1 1024w, https:\/\/i2.wp.com\/chacosintesis.com.ar\/wp-content\/uploads\/2026\/05\/Nacio-Vito-el-primer-hijo-de-Maria-Belen-Luduena-y.jpeg?ssl=1&w=1280&resize=1280&ssl=1 1280w, https:\/\/i2.wp.com\/chacosintesis.com.ar\/wp-content\/uploads\/2026\/05\/Nacio-Vito-el-primer-hijo-de-Maria-Belen-Luduena-y.jpeg?ssl=1&w=1600&resize=1600&ssl=1 1600w\" fifu-data-src=\"https:\/\/i2.wp.com\/chacosintesis.com.ar\/wp-content\/uploads\/2026\/05\/Nacio-Vito-el-primer-hijo-de-Maria-Belen-Luduena-y.jpeg?ssl=1\"><\/p>\n<p>Noticias Argentinas<\/p>\n","protected":false},"excerpt":{"rendered":"<p>Buenos Aires, 30 abril (NA) \u2013 La periodista Mar\u00eda Bel\u00e9n Ludue\u00f1a y el jefe de Gobierno, Jorge Macri, le dieron la bienvenida a Vito, su primer hijo juntos. El periodista Pablo Montagna confirm\u00f3 la noticia a trav\u00e9s de su cuenta de X, adelantando que la pareja har\u00eda un posteo en las siguientes horas. \u201cEl nacimiento [&hellip;]<\/p>\n","protected":false},"author":1,"featured_media":222166,"comment_status":"closed","ping_status":"","sticky":false,"template":"","format":"standard","meta":{"footnotes":""},"categories":[188],"tags":[],"class_list":{"0":"post-222155","1":"post","2":"type-post","3":"status-publish","4":"format-standard","5":"has-post-thumbnail","7":"category-farandula"},"_links":{"self":[{"href":"https:\/\/chacosintesis.com.ar\/index.php\/wp-json\/wp\/v2\/posts\/222155","targetHints":{"allow":["GET"]}}],"collection":[{"href":"https:\/\/chacosintesis.com.ar\/index.php\/wp-json\/wp\/v2\/posts"}],"about":[{"href":"https:\/\/chacosintesis.com.ar\/index.php\/wp-json\/wp\/v2\/types\/post"}],"author":[{"embeddable":true,"href":"https:\/\/chacosintesis.com.ar\/index.php\/wp-json\/wp\/v2\/users\/1"}],"replies":[{"embeddable":true,"href":"https:\/\/chacosintesis.com.ar\/index.php\/wp-json\/wp\/v2\/comments?post=222155"}],"version-history":[{"count":0,"href":"https:\/\/chacosintesis.com.ar\/index.php\/wp-json\/wp\/v2\/posts\/222155\/revisions"}],"wp:featuredmedia":[{"embeddable":true,"href":"https:\/\/chacosintesis.com.ar\/index.php\/wp-json\/wp\/v2\/media\/222166"}],"wp:attachment":[{"href":"https:\/\/chacosintesis.com.ar\/index.php\/wp-json\/wp\/v2\/media?parent=222155"}],"wp:term":[{"taxonomy":"category","embeddable":true,"href":"https:\/\/chacosintesis.com.ar\/index.php\/wp-json\/wp\/v2\/categories?post=222155"},{"taxonomy":"post_tag","embeddable":true,"href":"https:\/\/chacosintesis.com.ar\/index.php\/wp-json\/wp\/v2\/tags?post=222155"}],"curies":[{"name":"wp","href":"https:\/\/api.w.org\/{rel}","templated":true}]}}