{"id":222142,"date":"2026-05-01T20:04:08","date_gmt":"2026-05-01T23:04:08","guid":{"rendered":"https:\/\/chacosintesis.com.ar\/index.php\/resistencia-aprovecho-que-no-estaban-en-casa-y-sustrajo-el-celular-de-su-hermana-ultimo-momento-en-chaco\/"},"modified":"2026-05-01T20:04:58","modified_gmt":"2026-05-01T23:04:58","slug":"resistencia-aprovecho-que-no-estaban-en-casa-y-sustrajo-el-celular-de-su-hermana-ultimo-momento-en-chaco","status":"publish","type":"post","link":"https:\/\/chacosintesis.com.ar\/index.php\/resistencia-aprovecho-que-no-estaban-en-casa-y-sustrajo-el-celular-de-su-hermana-ultimo-momento-en-chaco\/","title":{"rendered":"RESISTENCIA: Aprovech\u00f3 Que No Estaban En Casa Y Sustrajo El Celular De Su Hermana | \u00daltimo momento en Chaco"},"content":{"rendered":"<p><img decoding=\"async\" src=\"\"><\/p>\n<div id=\"post-363640\">\n<p><\/p>\n<div class=\"single-post-image\">\n<figure><\/figure>\n<\/p><\/div>\n<p><!-- .single-post-image --><br \/>\n\t\t<!-- .entry-header --><\/p>\n<div class=\"entry-content\">\n<p>Luego de la intervenci\u00f3n policial, la fiscal\u00eda dispuso que el ciudadano sea notificado en libertad por la causa de \u201csupuesto hurto\u201d y orden\u00f3 una prohibici\u00f3n de acercamiento hacia la denunciante (su hermana).<\/p>\n<div class=\"heateor_sss_sharing_container heateor_sss_horizontal_sharing\" data-heateor-sss-href=\"https:\/\/www.noticiasdelparana.com.ar\/NuevaEdicion\/2026\/05\/01\/aprovecho-que-no-estaban-en-casa-y-sustrajo-el-celular-de-su-hermana\/\">\n<p>Compart\u00ed esta nota en tus redes sociales&#8230;<\/p>\n<\/div><\/div>\n<p><!-- .entry-content --><\/p>\n<p>\t<!-- .entry-footer -->\n<\/div>\n<\/p>\n<p>El hecho gener\u00f3 repercusi\u00f3n en la comunidad y mantiene en alerta a vecinos de la zona.<\/p>\n<p>Se esperan novedades en las pr\u00f3ximas horas por parte de las autoridades en la provincia del <a href=\"https:\/\/chacosintesis.com.ar\/index.php\/category\/chaco\/\">chaco<\/a>.<\/p>\n<p><strong>Seguinos para m\u00e1s informaci\u00f3n actualizada.<\/strong><\/p>\n","protected":false},"excerpt":{"rendered":"<p>Luego de la intervenci\u00f3n policial, la fiscal\u00eda dispuso que el ciudadano sea notificado en libertad por la causa de \u201csupuesto hurto\u201d y orden\u00f3 una prohibici\u00f3n de acercamiento hacia la denunciante (su hermana). Compart\u00ed esta nota en tus redes sociales&#8230; El hecho gener\u00f3 repercusi\u00f3n en la comunidad y mantiene en alerta a vecinos de la zona. [&hellip;]<\/p>\n","protected":false},"author":1,"featured_media":222153,"comment_status":"closed","ping_status":"","sticky":false,"template":"","format":"standard","meta":{"footnotes":""},"categories":[5],"tags":[],"class_list":{"0":"post-222142","1":"post","2":"type-post","3":"status-publish","4":"format-standard","5":"has-post-thumbnail","7":"category-policiales"},"_links":{"self":[{"href":"https:\/\/chacosintesis.com.ar\/index.php\/wp-json\/wp\/v2\/posts\/222142","targetHints":{"allow":["GET"]}}],"collection":[{"href":"https:\/\/chacosintesis.com.ar\/index.php\/wp-json\/wp\/v2\/posts"}],"about":[{"href":"https:\/\/chacosintesis.com.ar\/index.php\/wp-json\/wp\/v2\/types\/post"}],"author":[{"embeddable":true,"href":"https:\/\/chacosintesis.com.ar\/index.php\/wp-json\/wp\/v2\/users\/1"}],"replies":[{"embeddable":true,"href":"https:\/\/chacosintesis.com.ar\/index.php\/wp-json\/wp\/v2\/comments?post=222142"}],"version-history":[{"count":1,"href":"https:\/\/chacosintesis.com.ar\/index.php\/wp-json\/wp\/v2\/posts\/222142\/revisions"}],"predecessor-version":[{"id":222154,"href":"https:\/\/chacosintesis.com.ar\/index.php\/wp-json\/wp\/v2\/posts\/222142\/revisions\/222154"}],"wp:featuredmedia":[{"embeddable":true,"href":"https:\/\/chacosintesis.com.ar\/index.php\/wp-json\/wp\/v2\/media\/222153"}],"wp:attachment":[{"href":"https:\/\/chacosintesis.com.ar\/index.php\/wp-json\/wp\/v2\/media?parent=222142"}],"wp:term":[{"taxonomy":"category","embeddable":true,"href":"https:\/\/chacosintesis.com.ar\/index.php\/wp-json\/wp\/v2\/categories?post=222142"},{"taxonomy":"post_tag","embeddable":true,"href":"https:\/\/chacosintesis.com.ar\/index.php\/wp-json\/wp\/v2\/tags?post=222142"}],"curies":[{"name":"wp","href":"https:\/\/api.w.org\/{rel}","templated":true}]}}