{"id":222117,"date":"2026-05-01T17:04:12","date_gmt":"2026-05-01T20:04:12","guid":{"rendered":"https:\/\/chacosintesis.com.ar\/index.php\/todo-lo-que-tenes-que-saber-sobre-los-shows-de-ricardo-arjona-en-buenos-aires_a69f4c0c07825f88153cddb55\/"},"modified":"2026-05-01T17:04:12","modified_gmt":"2026-05-01T20:04:12","slug":"todo-lo-que-tenes-que-saber-sobre-los-shows-de-ricardo-arjona-en-buenos-aires_a69f4c0c07825f88153cddb55","status":"publish","type":"post","link":"https:\/\/chacosintesis.com.ar\/index.php\/todo-lo-que-tenes-que-saber-sobre-los-shows-de-ricardo-arjona-en-buenos-aires_a69f4c0c07825f88153cddb55\/","title":{"rendered":"Todo lo que ten\u00e9s que saber sobre los shows de Ricardo Arjona en Buenos Aires"},"content":{"rendered":"<p><\/p>\n<div itemprop=\"articleBody\">\n<p><a href=\"\/\"><strong>Buenos Aires, 1 mayo (NA) <\/strong><\/a>&#8212; El cantante guatemalteco <strong>Ricardo Arjona se reencontrar\u00e1 con su p\u00fablico argentino,<\/strong> en el marco de la gira<strong> \u201cLo que el Seco no dijo\u201d<\/strong>, con <strong>14 funciones con entradas agotadas en el microestadio Movistar Arena<\/strong> y se convirti\u00f3 en el primer artista solista en alcanzar ese r\u00e9cord, en uno de los recintos m\u00e1s emblem\u00e1ticos del pa\u00eds.<\/p>\n<p>Seg\u00fan supo la <a href=\"http:\/\/noticiasargentinas.com\/espectaculos\/ricardo-arjona-recordo-su-historia-con-buenos-aires-y-se-prepara-para-su-historica-serie-de-shows-en-el-movistar-arena_a69f407ec7825f88153bbece3\"><strong>Agencia Noticias Argentinas<\/strong><\/a>, el int\u00e9rprete subir\u00e1 a las tablas porte\u00f1as el<strong> 1, 2, 3, 7, 8, 10, 11, 12, 17, 18, 19, 23, 24 y 25 de mayo,<\/strong> con producci\u00f3n de <strong>F\u00e9nix Entertainment, <\/strong>en un show que fue calificado como la producci\u00f3n m\u00e1s ambiciosa y espectacular de toda su trayectoria.<\/p>\n<p>Tanto para este 1 de mayo como para las restantes funciones, <strong>las puertas del estadio se abrir\u00e1n a las 19 horas, mientras que el show comenzar\u00e1 a las 21<\/strong> y es que desde la p\u00e1gina del propio arena incentivan al p\u00fablico a acercarse dos horas antes para \u201cvivir la experiencia completa\u201d.<\/p>\n<p><tadevel-ad  class=\"block-4d\" slot-id=\"article-inline-01\"\/><\/p>\n<figure class=\"multimedia\" data-tadevel-template=\"web\/multimedia\" data-type=\"photo\">\n<div class=\"content\">\n<div class=\"sizer\" data-sizer=\"aspect-ratio\" data-tadevel-template=\"web\/aspect-ratio\" style=\"--aspect-ratio:125%;\"><picture data-tadevel-template=\"web\/picture\"><\/source><\/picture><\/div>\n<\/div><figcaption class=\"caption\">\n<p>Foto: Agencia NA &#8211; Redes sociales<\/p>\n<\/figcaption><\/figure>\n<p style=\"--ipspy: __IP__;color: __IP__;text-decoration: __IP__;\" alt=\"__IP__\" data-ipspy=\"__IP__\" title=\"__IP__\">Los accesos tendr\u00e1n lugar a trav\u00e9s de tres ingresos: quienes cuenten con entradas para la <strong>\u201cPlatea baja\u201d, <\/strong>desde el sector 102 a 109 y <strong>\u201cPlatea alta\u201d,<\/strong> desde 301 a 308, deber\u00e1n acercarse a Avenida Dorrego 489, mientras que aquellas personas que tengan entradas para la<strong> \u201cPlatea baja\u201d, de 110 a 118, \u201cPlatea alta\u201d, de 309 a 317, y \u201cPaquetes VIP\u201d, <\/strong>podr\u00e1n entrar por Avenida Corrientes 6094. Por \u00faltimo, el acceso de Humboldt 450 est\u00e1 destinado para el \u201c<strong>Campo<\/strong>\u201d, en todos sus sectores.<span style=\"opacity: 0;\" data-nosnippet=\"\">__IP__<\/span><\/p>\n<figure class=\"multimedia\" data-tadevel-template=\"web\/multimedia\" data-type=\"photo\">\n<div class=\"content\">\n<div class=\"sizer\" data-sizer=\"aspect-ratio\" data-tadevel-template=\"web\/aspect-ratio\" style=\"--aspect-ratio:125%;\"><picture data-tadevel-template=\"web\/picture\"><\/source><\/picture><\/div>\n<\/div><figcaption class=\"caption\">\n<p>Foto: Agencia NA &#8211; Redes sociales<\/p>\n<\/figcaption><\/figure>\n<p><tadevel-ad  class=\"block-4d\" slot-id=\"article-inline-02\"\/><\/p>\n<p>El estadio cuenta con un amplio abanico de formas de llegada, ya sea a trav\u00e9s de la<strong> l\u00ednea B de subte<\/strong>, con descenso en la<strong> estaci\u00f3n Dorrego<\/strong>; a trav\u00e9s de \u00a0los trenes<strong> Urquiza, en la estaci\u00f3n Federico Lacroze, o San Mart\u00edn, en Villa Crespo<\/strong>. Adem\u00e1s, se puede acceder en las l\u00edneas de <strong>colectivos <\/strong>19, 34, 42, 47, 55, 63, 65, 71, 76, 78, 87, 90, 93, 99, 108, 109, 110, 111, 127, 166 y 176.<\/p>\n<figure class=\"multimedia\" data-tadevel-template=\"web\/multimedia\" data-type=\"photo\">\n<div class=\"content\">\n<div class=\"sizer\" data-sizer=\"aspect-ratio\" data-tadevel-template=\"web\/aspect-ratio\" style=\"--aspect-ratio:125%;\"><picture data-tadevel-template=\"web\/picture\"><\/source><\/picture><\/div>\n<\/div><figcaption class=\"caption\">\n<p>Foto: Agencia NA &#8211; Redes sociales<\/p>\n<\/figcaption><\/figure>\n<\/p>\n<p>Los<strong> objetos prohibidos<\/strong> a la hora de ingresar al arena son equipos de fotograf\u00eda y video, Ipads, tablets y laptops, palos de banderas y selfie sticks, equipos de mate, bolsos o mochilas, envases de cualquier tipo, bebidas alcoh\u00f3licas cualquier tipo, alimentos y bebidas de cualquier tipo, aerosoles, l\u00edquidos inflamables, sustancias ilegales, paraguas o sombrillas, explosivos de ning\u00fan tipo, cascos de todo tipo, camisetas de futbol, banderas con varillas y\/o mayores a 1,5 metros, armas de todo tipo u objetos punzocortantes, punteros l\u00e1ser y coches de beb\u00e9s. <a href=\"\/-agenciana_t6916e70a4551e78eb9423f59\">#AgenciaNA<\/a>\u00a0<\/p>\n<\/div>\n<p><img decoding=\"async\" src=\"data:image\/gif;base64,R0lGODlhAQABAIAAAAAAAP\/\/\/ywAAAAAAQABAAACAUwAOw==\" fifu-lazy=\"1\" fifu-data-sizes=\"auto\" fifu-data-srcset=\"https:\/\/i1.wp.com\/chacosintesis.com.ar\/wp-content\/uploads\/2026\/05\/Todo-lo-que-tenes-que-saber-sobre-los-shows-de.jpeg?ssl=1&w=75&resize=75&ssl=1 75w, https:\/\/i1.wp.com\/chacosintesis.com.ar\/wp-content\/uploads\/2026\/05\/Todo-lo-que-tenes-que-saber-sobre-los-shows-de.jpeg?ssl=1&w=100&resize=100&ssl=1 100w, https:\/\/i1.wp.com\/chacosintesis.com.ar\/wp-content\/uploads\/2026\/05\/Todo-lo-que-tenes-que-saber-sobre-los-shows-de.jpeg?ssl=1&w=150&resize=150&ssl=1 150w, https:\/\/i1.wp.com\/chacosintesis.com.ar\/wp-content\/uploads\/2026\/05\/Todo-lo-que-tenes-que-saber-sobre-los-shows-de.jpeg?ssl=1&w=240&resize=240&ssl=1 240w, https:\/\/i1.wp.com\/chacosintesis.com.ar\/wp-content\/uploads\/2026\/05\/Todo-lo-que-tenes-que-saber-sobre-los-shows-de.jpeg?ssl=1&w=320&resize=320&ssl=1 320w, https:\/\/i1.wp.com\/chacosintesis.com.ar\/wp-content\/uploads\/2026\/05\/Todo-lo-que-tenes-que-saber-sobre-los-shows-de.jpeg?ssl=1&w=500&resize=500&ssl=1 500w, https:\/\/i1.wp.com\/chacosintesis.com.ar\/wp-content\/uploads\/2026\/05\/Todo-lo-que-tenes-que-saber-sobre-los-shows-de.jpeg?ssl=1&w=640&resize=640&ssl=1 640w, https:\/\/i1.wp.com\/chacosintesis.com.ar\/wp-content\/uploads\/2026\/05\/Todo-lo-que-tenes-que-saber-sobre-los-shows-de.jpeg?ssl=1&w=800&resize=800&ssl=1 800w, https:\/\/i1.wp.com\/chacosintesis.com.ar\/wp-content\/uploads\/2026\/05\/Todo-lo-que-tenes-que-saber-sobre-los-shows-de.jpeg?ssl=1&w=1024&resize=1024&ssl=1 1024w, https:\/\/i1.wp.com\/chacosintesis.com.ar\/wp-content\/uploads\/2026\/05\/Todo-lo-que-tenes-que-saber-sobre-los-shows-de.jpeg?ssl=1&w=1280&resize=1280&ssl=1 1280w, https:\/\/i1.wp.com\/chacosintesis.com.ar\/wp-content\/uploads\/2026\/05\/Todo-lo-que-tenes-que-saber-sobre-los-shows-de.jpeg?ssl=1&w=1600&resize=1600&ssl=1 1600w\" fifu-data-src=\"https:\/\/i1.wp.com\/chacosintesis.com.ar\/wp-content\/uploads\/2026\/05\/Todo-lo-que-tenes-que-saber-sobre-los-shows-de.jpeg?ssl=1\"><\/p>\n<p>Noticias Argentinas<\/p>\n","protected":false},"excerpt":{"rendered":"<p>Buenos Aires, 1 mayo (NA) &#8212; El cantante guatemalteco Ricardo Arjona se reencontrar\u00e1 con su p\u00fablico argentino, en el marco de la gira \u201cLo que el Seco no dijo\u201d, con 14 funciones con entradas agotadas en el microestadio Movistar Arena y se convirti\u00f3 en el primer artista solista en alcanzar ese r\u00e9cord, en uno de [&hellip;]<\/p>\n","protected":false},"author":1,"featured_media":222130,"comment_status":"closed","ping_status":"","sticky":false,"template":"","format":"standard","meta":{"footnotes":""},"categories":[188],"tags":[],"class_list":{"0":"post-222117","1":"post","2":"type-post","3":"status-publish","4":"format-standard","5":"has-post-thumbnail","7":"category-farandula"},"_links":{"self":[{"href":"https:\/\/chacosintesis.com.ar\/index.php\/wp-json\/wp\/v2\/posts\/222117","targetHints":{"allow":["GET"]}}],"collection":[{"href":"https:\/\/chacosintesis.com.ar\/index.php\/wp-json\/wp\/v2\/posts"}],"about":[{"href":"https:\/\/chacosintesis.com.ar\/index.php\/wp-json\/wp\/v2\/types\/post"}],"author":[{"embeddable":true,"href":"https:\/\/chacosintesis.com.ar\/index.php\/wp-json\/wp\/v2\/users\/1"}],"replies":[{"embeddable":true,"href":"https:\/\/chacosintesis.com.ar\/index.php\/wp-json\/wp\/v2\/comments?post=222117"}],"version-history":[{"count":0,"href":"https:\/\/chacosintesis.com.ar\/index.php\/wp-json\/wp\/v2\/posts\/222117\/revisions"}],"wp:featuredmedia":[{"embeddable":true,"href":"https:\/\/chacosintesis.com.ar\/index.php\/wp-json\/wp\/v2\/media\/222130"}],"wp:attachment":[{"href":"https:\/\/chacosintesis.com.ar\/index.php\/wp-json\/wp\/v2\/media?parent=222117"}],"wp:term":[{"taxonomy":"category","embeddable":true,"href":"https:\/\/chacosintesis.com.ar\/index.php\/wp-json\/wp\/v2\/categories?post=222117"},{"taxonomy":"post_tag","embeddable":true,"href":"https:\/\/chacosintesis.com.ar\/index.php\/wp-json\/wp\/v2\/tags?post=222117"}],"curies":[{"name":"wp","href":"https:\/\/api.w.org\/{rel}","templated":true}]}}