{"id":222085,"date":"2026-05-01T14:07:10","date_gmt":"2026-05-01T17:07:10","guid":{"rendered":"https:\/\/chacosintesis.com.ar\/index.php\/manuel-adorni-se-defendio-de-las-denuncias-y-aseguro-que-no-renunciara\/"},"modified":"2026-05-01T14:07:10","modified_gmt":"2026-05-01T17:07:10","slug":"manuel-adorni-se-defendio-de-las-denuncias-y-aseguro-que-no-renunciara","status":"publish","type":"post","link":"https:\/\/chacosintesis.com.ar\/index.php\/manuel-adorni-se-defendio-de-las-denuncias-y-aseguro-que-no-renunciara\/","title":{"rendered":"Manuel Adorni se defendi\u00f3 de las denuncias y asegur\u00f3 que no renunciar\u00e1"},"content":{"rendered":"<p><\/p>\n<div>\n<aside class=\"scaip scaip-1    \">\n\t\t<\/aside>\n<p>Luego de presentar su informe de gesti\u00f3n en el Congreso, <strong>Manuel Adorni<\/strong> volvi\u00f3 a salir al cruce de las <strong>denuncias por presunto enriquecimiento il\u00edcito<\/strong> y dej\u00f3 en claro que no eval\u00faa dar un paso al costado. El jefe de Gabinete asegur\u00f3 que las acusaciones <strong>carecen de sustento<\/strong> y apunt\u00f3 contra lo que defini\u00f3 como un tratamiento medi\u00e1tico desmedido.<\/p>\n<p>En declaraciones radiales, <strong>Adorni<\/strong> insisti\u00f3 en que la causa en su contra no prosperar\u00e1 y neg\u00f3 cualquier tipo de irregularidad en su patrimonio. Seg\u00fan sostuvo, no existe un incremento injustificado de bienes y conf\u00eda en que la Justicia lo demostrar\u00e1.<\/p>\n<aside class=\"scaip scaip-2    \">\n\t\t<\/aside>\n<div class=\"wp-block-newspack-blocks-homepage-articles recomendada wpnbha show-image image-alignleft ts-2 is-1 is-landscape recomendada\" style=\"\">\n<div data-posts=\"\" data-current-post-id=\"2209086\">\n<article data-post-id=\"2214030\" class=\"tag-condena tag-home-destacada-inferior-04 tag-odontologa tag-san-juan category-policiales type-post post-has-image\">\n<figure class=\"post-thumbnail\">\n\t\t\t\t\t\t\t\t<a href=\"https:\/\/www.elsol.com.ar\/policiales\/una-odontologa-sanjuanina-le-saco-por-error-12-muelas-a-un-nino-y-la-condenaron\/\" rel=\"bookmark\" tabindex=\"-1\" aria-hidden=\"true\"><br \/>\n\t\t\t\t\t\t\t\t\t\t\t\t<img loading=\"lazy\" loading=\"lazy\" decoding=\"async\" width=\"400\" height=\"300\" src=\"https:\/\/i0.wp.com\/www.elsol.com.ar\/wp-content\/uploads\/2026\/05\/Maria-Romina-Pellice-San-Juan.jpg?resize=400%2C300&amp;quality=89&amp;ssl=1\" class=\"attachment-newspack-article-block-landscape-small size-newspack-article-block-landscape-small wp-post-image\" alt=\"Una odont\u00f3loga sanjuanina le sac\u00f3 por error 12 muelas a un ni\u00f1o y la condenaron\" data-hero-candidate=\"1\" srcset=\"https:\/\/i0.wp.com\/www.elsol.com.ar\/wp-content\/uploads\/2026\/05\/Maria-Romina-Pellice-San-Juan.jpg?resize=400%2C300&amp;quality=89&amp;ssl=1 400w, https:\/\/i0.wp.com\/www.elsol.com.ar\/wp-content\/uploads\/2026\/05\/Maria-Romina-Pellice-San-Juan.jpg?resize=200%2C150&amp;quality=89&amp;ssl=1 200w, https:\/\/i0.wp.com\/www.elsol.com.ar\/wp-content\/uploads\/2026\/05\/Maria-Romina-Pellice-San-Juan.jpg?resize=400%2C300&amp;quality=89&amp;ssl=1&amp;w=370 370w\" sizes=\"auto, (min-width: 782px) 600px, (min-width: 600px) 42.5vw, 90vw\"\/>\t\t\t\t\t\t\t\t\t\t\t\t<\/a><\/p>\n<\/figure>\n<p><!-- .featured-image --><\/p>\n<div class=\"entry-wrapper\">\n<p>Mar\u00eda Romina Pellice, de profesi\u00f3n odont\u00f3loga, fue condenada a un a\u00f1o de prisi\u00f3n en suspenso y un a\u00f1o de inhabilitaci\u00f3n profesional por haberle extra\u00eddo 12 muelas a un menor de 5 a\u00f1os, sin el consentimiento de sus padres. El hecho se\u2026<\/p>\n<\/p><\/div>\n<p><!-- .entry-wrapper --><br \/>\n\t<\/article>\n<\/p><\/div>\n<\/p><\/div>\n<p>El funcionario tambi\u00e9n remarc\u00f3 que <strong>no ceder\u00e1 ante presiones pol\u00edticas ni medi\u00e1ticas.<\/strong> En ese sentido, asegur\u00f3 que tanto \u00e9l como el resto del gabinete mantienen una postura firme frente a las cr\u00edticas.<\/p>\n<h2 class=\"wp-block-heading\" id=\"h-respaldo-politico\">Respaldo pol\u00edtico <\/h2>\n<aside class=\"scaip scaip-3    \">\n\t\t<\/aside>\n<p><strong>Adorni<\/strong> descart\u00f3 versiones sobre una posible salida del Gobierno y cuestion\u00f3 las especulaciones que, seg\u00fan dijo, circulan desde hace semanas. Adem\u00e1s, <strong>destac\u00f3 el respaldo del presidente Javier Milei<\/strong>, quien lo acompa\u00f1\u00f3 durante su exposici\u00f3n en la C\u00e1mara de Diputados.<\/p>\n<p>Para el jefe de Gabinete, ese apoyo es clave y responde a la confianza del mandatario en su gesti\u00f3n dentro del equipo.<\/p>\n<aside class=\"scaip scaip-4    \">\n\t\t<\/aside>\n<h2 class=\"wp-block-heading\" id=\"h-cruces-con-la-oposicion\">Cruces con la oposici\u00f3n <\/h2>\n<p>En medio de la pol\u00e9mica, el funcionario tambi\u00e9n rechaz\u00f3 acusaciones de la diputada Marcela Pagano, quien lo vincul\u00f3 con supuestas sociedades en el exterior. <strong>Adorni calific\u00f3 esas versiones como falsas y neg\u00f3 cualquier relaci\u00f3n con estructuras offshore<\/strong>.<\/p>\n<p>Por otro lado, confirm\u00f3 que el Gobierno avanzar\u00e1 con una denuncia contra el legislador Rodolfo Tailhade, a quien acus\u00f3 de manejar informaci\u00f3n privada sobre \u00e9l y su familia. En ese marco, cuestion\u00f3 la difusi\u00f3n de datos personales y plante\u00f3 la necesidad de diferenciar entre lo p\u00fablico y lo privado.<\/p>\n<p>Adorni tambi\u00e9n desminti\u00f3 versiones sobre viajes al exterior que circularon en los \u00faltimos d\u00edas y sostuvo que muchas de esas informaciones son incorrectas. En ese contexto, reivindic\u00f3 su vida personal y asegur\u00f3 no tener nada que ocultar.<\/p>\n<p><em><strong>\u201cHicieron una carnicer\u00eda medi\u00e1tica y les voy a demostrar que se equivocaron\u201d<\/strong><\/em>, afirm\u00f3, al tiempo que reiter\u00f3 su intenci\u00f3n de continuar en el cargo.<\/p>\n<p>Por \u00faltimo, el jefe de Gabinete anticip\u00f3 que se reabrir\u00e1 la sala de conferencias en Casa Rosada, aunque con modificaciones en los protocolos, que estar\u00e1n bajo revisi\u00f3n de Casa Militar.<\/p>\n<p><h3 class=\"jp-relatedposts-headline\"><em>M\u00c1S NOTICIAS:<\/em><\/h3>\n<\/p>\n<section id=\"block-24\" class=\"below-content widget widget_block\"\/>\t<\/div>\n","protected":false},"excerpt":{"rendered":"<p>Luego de presentar su informe de gesti\u00f3n en el Congreso, Manuel Adorni volvi\u00f3 a salir al cruce de las denuncias por presunto enriquecimiento il\u00edcito y dej\u00f3 en claro que no eval\u00faa dar un paso al costado. El jefe de Gabinete asegur\u00f3 que las acusaciones carecen de sustento y apunt\u00f3 contra lo que defini\u00f3 como un [&hellip;]<\/p>\n","protected":false},"author":1,"featured_media":222096,"comment_status":"","ping_status":"","sticky":false,"template":"","format":"standard","meta":{"footnotes":""},"categories":[8],"tags":[],"class_list":{"0":"post-222085","1":"post","2":"type-post","3":"status-publish","4":"format-standard","5":"has-post-thumbnail","7":"category-nacionales"},"_links":{"self":[{"href":"https:\/\/chacosintesis.com.ar\/index.php\/wp-json\/wp\/v2\/posts\/222085","targetHints":{"allow":["GET"]}}],"collection":[{"href":"https:\/\/chacosintesis.com.ar\/index.php\/wp-json\/wp\/v2\/posts"}],"about":[{"href":"https:\/\/chacosintesis.com.ar\/index.php\/wp-json\/wp\/v2\/types\/post"}],"author":[{"embeddable":true,"href":"https:\/\/chacosintesis.com.ar\/index.php\/wp-json\/wp\/v2\/users\/1"}],"replies":[{"embeddable":true,"href":"https:\/\/chacosintesis.com.ar\/index.php\/wp-json\/wp\/v2\/comments?post=222085"}],"version-history":[{"count":0,"href":"https:\/\/chacosintesis.com.ar\/index.php\/wp-json\/wp\/v2\/posts\/222085\/revisions"}],"wp:featuredmedia":[{"embeddable":true,"href":"https:\/\/chacosintesis.com.ar\/index.php\/wp-json\/wp\/v2\/media\/222096"}],"wp:attachment":[{"href":"https:\/\/chacosintesis.com.ar\/index.php\/wp-json\/wp\/v2\/media?parent=222085"}],"wp:term":[{"taxonomy":"category","embeddable":true,"href":"https:\/\/chacosintesis.com.ar\/index.php\/wp-json\/wp\/v2\/categories?post=222085"},{"taxonomy":"post_tag","embeddable":true,"href":"https:\/\/chacosintesis.com.ar\/index.php\/wp-json\/wp\/v2\/tags?post=222085"}],"curies":[{"name":"wp","href":"https:\/\/api.w.org\/{rel}","templated":true}]}}